{"id":55044,"date":"2024-05-29T19:15:37","date_gmt":"2024-05-30T01:15:37","guid":{"rendered":"https:\/\/encuentroinformativo.com.mx\/?p=55044"},"modified":"2024-05-29T19:15:42","modified_gmt":"2024-05-30T01:15:42","slug":"acabar-con-apagones-y-desabasto-de-agua-prioridad-en-veracruz-guty-lagunes","status":"publish","type":"post","link":"https:\/\/encuentroinformativo.com.mx\/?p=55044","title":{"rendered":"Acabar con apagones y desabasto de agua prioridad en Veracruz: Guty Lagunes"},"content":{"rendered":"\n<p><strong>Alejandro \u00c1vila<\/strong><\/p>\n\n\n\n<p>Alvarado, Ver.- Terminar con los apagones de energ\u00eda el\u00e9ctrica y el desabasto de agua es una prioridad para Veracruz, situaci\u00f3n por la que luchar\u00e1 el aspirante a la diputaci\u00f3n localpor el Distrito 17, Agust\u00edn Lagunes \u00c1lvarez, desde el Congreso.<\/p>\n\n\n\n<p>\u201cEstamos cerrando la campa\u00f1a con la campa\u00f1a ganada, con el \u00e1nimo de triunfo, voy a ser diputado local y voy a regresar a este municipio y a los nueve restantes para hacer gestiones y que las condiciones de los alvarade\u00f1os y de todos los que viven en el Distrito 17 sea para bien y sea mejor\u201d, agreg\u00f3.<\/p>\n\n\n\n<p>Guty Lagunes pidi\u00f3 a la ciudadan\u00eda que le brinde su confianza y as\u00ed poder llegar al Congreso Local desde donde trabajar\u00e1 principalmente para exigir a la federaci\u00f3n y al estado poner fin a los apagones que tanto aquejan a las familias, as\u00ed tambi\u00e9n, al desabasto de agua que tanto afecta a las y los veracruzanos.<\/p>\n\n\n\n<p>\u201cLes pido su confianza para que voten por m\u00ed y desde el Congreso pueda hacer hasta lo imposible porque ya no haya un solo apag\u00f3n y que el agua no les falte. Vamos todos juntos este pr\u00f3ximo domingo a votar para que termine la corrupci\u00f3n y la incapacidad de los gobiernos de la 4T, que tienen a los veracruzanos sin luz y sin agua. Votemos para terminar con la corrupci\u00f3n y con su incapacidad, ya no podemos permitirlo. Vota por Guty Lagunes porque con Guty todo es posible\u201d, concluy\u00f3 el abanderado de la alianza &#8220;Fuerza y Coraz\u00f3n por Veracruz&#8221;.<\/p>\n","protected":false},"excerpt":{"rendered":"<p>Alejandro \u00c1vila Alvarado, Ver.- Terminar con los apagones de energ\u00eda el\u00e9ctrica y el desabasto de agua es una prioridad para Veracruz, situaci\u00f3n por la que luchar\u00e1 el aspirante a la diputaci\u00f3n localpor el Distrito 17, Agust\u00edn Lagunes \u00c1lvarez, desde el Congreso. \u201cEstamos cerrando la campa\u00f1a con la campa\u00f1a ganada, con el \u00e1nimo de triunfo, voy [&hellip;]<\/p>\n","protected":false},"author":2476,"featured_media":55045,"comment_status":"open","ping_status":"open","sticky":false,"template":"","format":"standard","meta":{"_jetpack_memberships_contains_paid_content":false,"footnotes":""},"categories":[2],"tags":[],"class_list":["post-55044","post","type-post","status-publish","format-standard","has-post-thumbnail","hentry","category-estado"],"jetpack_featured_media_url":"https:\/\/encuentroinformativo.com.mx\/wp-content\/uploads\/2024\/05\/IMG-20240529-WA0134.jpg","jetpack_sharing_enabled":true,"jetpack_likes_enabled":true,"amp_enabled":true,"_links":{"self":[{"href":"https:\/\/encuentroinformativo.com.mx\/index.php?rest_route=\/wp\/v2\/posts\/55044","targetHints":{"allow":["GET"]}}],"collection":[{"href":"https:\/\/encuentroinformativo.com.mx\/index.php?rest_route=\/wp\/v2\/posts"}],"about":[{"href":"https:\/\/encuentroinformativo.com.mx\/index.php?rest_route=\/wp\/v2\/types\/post"}],"author":[{"embeddable":true,"href":"https:\/\/encuentroinformativo.com.mx\/index.php?rest_route=\/wp\/v2\/users\/2476"}],"replies":[{"embeddable":true,"href":"https:\/\/encuentroinformativo.com.mx\/index.php?rest_route=%2Fwp%2Fv2%2Fcomments&post=55044"}],"version-history":[{"count":1,"href":"https:\/\/encuentroinformativo.com.mx\/index.php?rest_route=\/wp\/v2\/posts\/55044\/revisions"}],"predecessor-version":[{"id":55046,"href":"https:\/\/encuentroinformativo.com.mx\/index.php?rest_route=\/wp\/v2\/posts\/55044\/revisions\/55046"}],"wp:featuredmedia":[{"embeddable":true,"href":"https:\/\/encuentroinformativo.com.mx\/index.php?rest_route=\/wp\/v2\/media\/55045"}],"wp:attachment":[{"href":"https:\/\/encuentroinformativo.com.mx\/index.php?rest_route=%2Fwp%2Fv2%2Fmedia&parent=55044"}],"wp:term":[{"taxonomy":"category","embeddable":true,"href":"https:\/\/encuentroinformativo.com.mx\/index.php?rest_route=%2Fwp%2Fv2%2Fcategories&post=55044"},{"taxonomy":"post_tag","embeddable":true,"href":"https:\/\/encuentroinformativo.com.mx\/index.php?rest_route=%2Fwp%2Fv2%2Ftags&post=55044"}],"curies":[{"name":"wp","href":"https:\/\/api.w.org\/{rel}","templated":true}]}}