{"id":55050,"date":"2024-05-29T20:46:33","date_gmt":"2024-05-30T02:46:33","guid":{"rendered":"https:\/\/encuentroinformativo.com.mx\/?p=55050"},"modified":"2024-05-29T20:46:39","modified_gmt":"2024-05-30T02:46:39","slug":"gracias-xalapa-vamos-a-ganar-americo-zuniga","status":"publish","type":"post","link":"https:\/\/encuentroinformativo.com.mx\/?p=55050","title":{"rendered":"\u00a1Gracias Xalapa, Vamos a ganar!: Am\u00e9rico Z\u00fa\u00f1iga"},"content":{"rendered":"\n<ul class=\"wp-block-list\"><li>Multitudinario cierre de campa\u00f1a de Pepe Yunes y Am\u00e9rico Z\u00fa\u00f1iga<\/li><\/ul>\n\n\n\n<p>Xalapa, Ver.- Amigas y amigos de Xalapa, en este \u00faltimo d\u00eda de campa\u00f1a quiero reiterarles mi agradecimiento por todas las muestras de apoyo y cari\u00f1o que me brindaron, expuso Am\u00e9rico Z\u00fa\u00f1iga Mart\u00ednez, candidato a la diputaci\u00f3n federal por Xalapa.<\/p>\n\n\n\n<p>&#8220;Ha sido un gusto recorrer las calles de Xalapa y sus congregaciones, tocar puertas y tocar corazones&#8221;, agreg\u00f3 el abanderado de la coalici\u00f3n Fuerza y Coraz\u00f3n por M\u00e9xico.<\/p>\n\n\n\n<p>Este mi\u00e9rcoles fue el cierre de campa\u00f1a del candidato a la gubernatura de Veracruz, Pepe Yunes en el Deportivo Ferrocarrilero, quien estuvo acompa\u00f1ado por Am\u00e9rico Z\u00fa\u00f1iga Mart\u00ednez y su compa\u00f1ero de f\u00f3rmula, Rom\u00e1n Moreno Hern\u00e1ndez.<\/p>\n\n\n\n<p>Asimismo, acudieron los candidatos a las diputaciones locales por Xalapa, Adriana Rojano Pazzi y Sergio Hern\u00e1ndez Hern\u00e1ndez; los candidatos al Senado, Miguel Yunes M\u00e1rquez y Sara Ladr\u00f3n de Guevara. As\u00ed como liderazgos nacionales, regionales y locales del PRI, PAN y PRD.<\/p>\n\n\n\n<p>Tambi\u00e9n Beatriz Paredes Rangel, Miguel \u00c1ngel Yunes Linares, as\u00ed como miles de veracruzanos.<\/p>\n\n\n\n<p>&#8220;Gracias por permitirme entrar a sus hogares, por compartirme sus necesidades, quejas e inquietudes&#8221;, acot\u00f3 Z\u00fa\u00f1iga Mart\u00ednez.<\/p>\n\n\n\n<p>Con su apoyo, dijo, cada petici\u00f3n y cada propuesta que le hacen, las va a atender y hacer realidad desde la C\u00e1mara de Diputados.<\/p>\n\n\n\n<p>Xalapa volver\u00e1 a tener un diputado federal presente, que s\u00ed trabaje, que s\u00ed gestione, que s\u00ed legisle, un diputado de verdad, manifest\u00f3.<\/p>\n\n\n\n<p>&#8220;Este 2 de junio les pido que me contraten para representarlos en el Congreso, defender\u00e9 lo que les preocupa, sus derechos, sus libertades, su patrimonio&#8221;.<\/p>\n\n\n\n<p>Am\u00e9rico Z\u00fa\u00f1iga subray\u00f3 que va a trabajar para devolver lo que nos han quitado: las medicinas, la atenci\u00f3n m\u00e9dica, los apoyos a emprendedores, al campo, las becas a estudiantes de posgrado, las escuelas de tiempo completo y las estancias infantiles.<\/p>\n\n\n\n<p>&#8220;Este 2 de junio reflexiona muy bien a quien quieres como diputado federal, a alguien que conoce Xalapa, que tiene experiencia, que ha dado resultados o a alguien que ya te fall\u00f3, que siempre estuvo ausente&#8221;, plante\u00f3.<\/p>\n\n\n\n<p>Al se\u00f1alar que van por la victoria este 2 de junio, destac\u00f3 a X\u00f3chitl G\u00e1lvez, como la primera presidenta de M\u00e9xico y a Pepe Yunes, pr\u00f3ximo gobernador de Veracruz.<\/p>\n\n\n\n<p>Finalmente, indic\u00f3 que inicia la cuenta regresiva, &#8220;contamos contigo para que votes por las y los candidatos de Fuerza y Coraz\u00f3n por M\u00e9xico. Vota por Am\u00e9rico Z\u00fa\u00f1iga para diputado federal por el distrito de Xalapa. \u00a1Vamos a ganar!&#8221;.<\/p>\n\n\n\n<h1 class=\"wp-block-heading\"><\/h1>\n","protected":false},"excerpt":{"rendered":"<p>Multitudinario cierre de campa\u00f1a de Pepe Yunes y Am\u00e9rico Z\u00fa\u00f1iga Xalapa, Ver.- Amigas y amigos de Xalapa, en este \u00faltimo d\u00eda de campa\u00f1a quiero reiterarles mi agradecimiento por todas las muestras de apoyo y cari\u00f1o que me brindaron, expuso Am\u00e9rico Z\u00fa\u00f1iga Mart\u00ednez, candidato a la diputaci\u00f3n federal por Xalapa. &#8220;Ha sido un gusto recorrer las [&hellip;]<\/p>\n","protected":false},"author":2476,"featured_media":55053,"comment_status":"open","ping_status":"open","sticky":false,"template":"","format":"standard","meta":{"_jetpack_memberships_contains_paid_content":false,"footnotes":""},"categories":[3],"tags":[],"class_list":["post-55050","post","type-post","status-publish","format-standard","has-post-thumbnail","hentry","category-xalapa"],"jetpack_featured_media_url":"https:\/\/encuentroinformativo.com.mx\/wp-content\/uploads\/2024\/05\/IMG-20240529-WA01452.jpg","jetpack_sharing_enabled":true,"jetpack_likes_enabled":true,"amp_enabled":true,"_links":{"self":[{"href":"https:\/\/encuentroinformativo.com.mx\/index.php?rest_route=\/wp\/v2\/posts\/55050","targetHints":{"allow":["GET"]}}],"collection":[{"href":"https:\/\/encuentroinformativo.com.mx\/index.php?rest_route=\/wp\/v2\/posts"}],"about":[{"href":"https:\/\/encuentroinformativo.com.mx\/index.php?rest_route=\/wp\/v2\/types\/post"}],"author":[{"embeddable":true,"href":"https:\/\/encuentroinformativo.com.mx\/index.php?rest_route=\/wp\/v2\/users\/2476"}],"replies":[{"embeddable":true,"href":"https:\/\/encuentroinformativo.com.mx\/index.php?rest_route=%2Fwp%2Fv2%2Fcomments&post=55050"}],"version-history":[{"count":1,"href":"https:\/\/encuentroinformativo.com.mx\/index.php?rest_route=\/wp\/v2\/posts\/55050\/revisions"}],"predecessor-version":[{"id":55052,"href":"https:\/\/encuentroinformativo.com.mx\/index.php?rest_route=\/wp\/v2\/posts\/55050\/revisions\/55052"}],"wp:featuredmedia":[{"embeddable":true,"href":"https:\/\/encuentroinformativo.com.mx\/index.php?rest_route=\/wp\/v2\/media\/55053"}],"wp:attachment":[{"href":"https:\/\/encuentroinformativo.com.mx\/index.php?rest_route=%2Fwp%2Fv2%2Fmedia&parent=55050"}],"wp:term":[{"taxonomy":"category","embeddable":true,"href":"https:\/\/encuentroinformativo.com.mx\/index.php?rest_route=%2Fwp%2Fv2%2Fcategories&post=55050"},{"taxonomy":"post_tag","embeddable":true,"href":"https:\/\/encuentroinformativo.com.mx\/index.php?rest_route=%2Fwp%2Fv2%2Ftags&post=55050"}],"curies":[{"name":"wp","href":"https:\/\/api.w.org\/{rel}","templated":true}]}}