{"id":55054,"date":"2024-05-29T21:37:49","date_gmt":"2024-05-30T03:37:49","guid":{"rendered":"https:\/\/encuentroinformativo.com.mx\/?p=55054"},"modified":"2024-05-29T21:37:55","modified_gmt":"2024-05-30T03:37:55","slug":"la-ciudadania-se-sumo-por-conviccion-aqui-nadie-fue-obligado-adriana-rojano","status":"publish","type":"post","link":"https:\/\/encuentroinformativo.com.mx\/?p=55054","title":{"rendered":"La ciudadan\u00eda se sum\u00f3 por convicci\u00f3n, aqu\u00ed nadie fue obligado: Adriana Rojano"},"content":{"rendered":"\n<p><strong>* Candidatos de la coalici\u00f3n de &#8220;Fuerza y Coraz\u00f3n por Veracruz&#8221; concluyen sus campa\u00f1as ante miles de personas.<\/strong><\/p>\n\n\n\n<p>Xalapa,Ver.- Ante miles de personas, espect\u00e1culos musicales, porras y banderas ondeadas, los candidatos de la coalici\u00f3n &#8220;Fuerza y Coraz\u00f3n por Veracruz&#8221; concluyen sus campa\u00f1as a cuatro d\u00edas de llevarse a cabo la elecci\u00f3n.<\/p>\n\n\n\n<p>El magno evento se visti\u00f3 de rojo, azul y amarillo; el ambiente de triunfo se sent\u00eda y al un\u00edsimo se o\u00eda &#8220;\u00a1Fuera Morena! \u00a1Fuera Morena!&#8221; y &#8220;\u00a1Pepe gobernador!&#8221;.<\/p>\n\n\n\n<p>Posterior al evento, Adriana Rojano dijo que este evento era la prueba de que la gente ya estaba convencida, &#8220;se sum\u00f3 por convicci\u00f3n, aqu\u00ed nadie fue obligado y eso solo significa que Morena ya se va&#8221;.<\/p>\n\n\n\n<p>Reiter\u00f3 que el triunfo era inminente y le llena de orgullo ser parte de la historia.<\/p>\n\n\n\n<p>&#8220;Ver a tanta gente me entusiasma, yo quiero trabajar por y para los xalape\u00f1os, la ciudadan\u00eda necesita ser escuchada y yo quiero hacerlo desde el Congreso del Estado para buscar el cambio y las oportunidades que merecen&#8221;.<\/p>\n\n\n\n<p>Asimismo, la candidata a la Diputaci\u00f3n Local por Xalapa 11 reiter\u00f3 que esta oportunidad le abre m\u00e1s puertas a las mujeres, por lo que asumir\u00e1 esta responsabilidad con orgullo, por ella, por su hija y por quienes buscan formar parte de la lucha para rescatar y mejorar a Veracruz y M\u00e9xico.<\/p>\n\n\n\n<p>Por \u00faltimo, agradeci\u00f3 a su familia, su equipo de trabajo y a las personas que la acompa\u00f1aron durante el mes de campa\u00f1a, donde pudo tener un acercamiento m\u00e1s directo con todos los sectores reforzando su compromiso de servir desde el coraz\u00f3n.<\/p>\n\n\n\n<p>Cabe mencionar que el evento fue presidido por el candidato a la gubernatura, Jos\u00e9 Francisco Yunes Zorrilla; tambi\u00e9n estuvieron presentes los candidatos a la diputaci\u00f3n local y federal, Sergio Hern\u00e1ndez, Am\u00e9rico Z\u00fa\u00f1iga; los candidatos al Senado, Miguel \u00c1ngel Yunes M\u00e1rquez y Sarah Ladr\u00f3n de Guevara; la senadora Beatriz Paredes; entre otros liderazgos nacionales y regionales.<\/p>\n","protected":false},"excerpt":{"rendered":"<p>* Candidatos de la coalici\u00f3n de &#8220;Fuerza y Coraz\u00f3n por Veracruz&#8221; concluyen sus campa\u00f1as ante miles de personas. Xalapa,Ver.- Ante miles de personas, espect\u00e1culos musicales, porras y banderas ondeadas, los candidatos de la coalici\u00f3n &#8220;Fuerza y Coraz\u00f3n por Veracruz&#8221; concluyen sus campa\u00f1as a cuatro d\u00edas de llevarse a cabo la elecci\u00f3n. El magno evento se [&hellip;]<\/p>\n","protected":false},"author":2476,"featured_media":55055,"comment_status":"open","ping_status":"open","sticky":false,"template":"","format":"standard","meta":{"_jetpack_memberships_contains_paid_content":false,"footnotes":""},"categories":[3],"tags":[],"class_list":["post-55054","post","type-post","status-publish","format-standard","has-post-thumbnail","hentry","category-xalapa"],"jetpack_featured_media_url":"https:\/\/encuentroinformativo.com.mx\/wp-content\/uploads\/2024\/05\/IMG-20240529-WA01742.jpg","jetpack_sharing_enabled":true,"jetpack_likes_enabled":true,"amp_enabled":true,"_links":{"self":[{"href":"https:\/\/encuentroinformativo.com.mx\/index.php?rest_route=\/wp\/v2\/posts\/55054","targetHints":{"allow":["GET"]}}],"collection":[{"href":"https:\/\/encuentroinformativo.com.mx\/index.php?rest_route=\/wp\/v2\/posts"}],"about":[{"href":"https:\/\/encuentroinformativo.com.mx\/index.php?rest_route=\/wp\/v2\/types\/post"}],"author":[{"embeddable":true,"href":"https:\/\/encuentroinformativo.com.mx\/index.php?rest_route=\/wp\/v2\/users\/2476"}],"replies":[{"embeddable":true,"href":"https:\/\/encuentroinformativo.com.mx\/index.php?rest_route=%2Fwp%2Fv2%2Fcomments&post=55054"}],"version-history":[{"count":1,"href":"https:\/\/encuentroinformativo.com.mx\/index.php?rest_route=\/wp\/v2\/posts\/55054\/revisions"}],"predecessor-version":[{"id":55056,"href":"https:\/\/encuentroinformativo.com.mx\/index.php?rest_route=\/wp\/v2\/posts\/55054\/revisions\/55056"}],"wp:featuredmedia":[{"embeddable":true,"href":"https:\/\/encuentroinformativo.com.mx\/index.php?rest_route=\/wp\/v2\/media\/55055"}],"wp:attachment":[{"href":"https:\/\/encuentroinformativo.com.mx\/index.php?rest_route=%2Fwp%2Fv2%2Fmedia&parent=55054"}],"wp:term":[{"taxonomy":"category","embeddable":true,"href":"https:\/\/encuentroinformativo.com.mx\/index.php?rest_route=%2Fwp%2Fv2%2Fcategories&post=55054"},{"taxonomy":"post_tag","embeddable":true,"href":"https:\/\/encuentroinformativo.com.mx\/index.php?rest_route=%2Fwp%2Fv2%2Ftags&post=55054"}],"curies":[{"name":"wp","href":"https:\/\/api.w.org\/{rel}","templated":true}]}}