{"id":55076,"date":"2024-05-30T15:12:28","date_gmt":"2024-05-30T21:12:28","guid":{"rendered":"https:\/\/encuentroinformativo.com.mx\/?p=55076"},"modified":"2024-05-30T15:12:34","modified_gmt":"2024-05-30T21:12:34","slug":"atrapa-policia-estatal-a-un-generador-de-violencia-en-minatitlan","status":"publish","type":"post","link":"https:\/\/encuentroinformativo.com.mx\/?p=55076","title":{"rendered":"Atrapa Polic\u00eda Estatal a un generador de violencia en Minatitl\u00e1n"},"content":{"rendered":"\n<p><strong>* Durante la detenci\u00f3n le aseguraron un arma de fuego corta, una navaja y estupefacientes.<\/strong><\/p>\n\n\n\n<p>Xalapa, Ver.- En el marco de la estrategia para combatir la comisi\u00f3n de il\u00edcitos, personal de la Secretar\u00eda de Seguridad P\u00fablica (SSP), a trav\u00e9s de Polic\u00eda Estatal atraparon a un hombre por delitos contra las instituciones, portaci\u00f3n ilegal de arma de fuego, delitos contra la salud y posesi\u00f3n de veh\u00edculo con NIV alterado y reporte de robo.<\/p>\n\n\n\n<p>Los efectivos estatales realizaban patrullajes en la calle Instituto Tecnol\u00f3gico de la colonia Nueva Mina en Minatitl\u00e1n, ah\u00ed ubicaron a un sujeto en actitud sospechosa a bordo de un veh\u00edculo Peugeot, placas XX15995, circulando a exceso de velocidad.<\/p>\n\n\n\n<p>En ese momento le marcaron el alto al tripulante para realizarle una inspecci\u00f3n precautoria. Acto seguido, el sujeto lesion\u00f3 con un arma blanca a un elemento de Polic\u00eda Estatal en el brazo.<\/p>\n\n\n\n<p>Posteriormente, fue intervenido Rodrigo \u201cN\u201d y le aseguraron un arma de fuego corta, una navaja, cargador, cartuchos \u00fatiles y 30 dosis de una sustancia granulada parecida al cristal.<\/p>\n\n\n\n<p>Asimismo, los uniformados observaron que el veh\u00edculo presentaba alteraciones en el NIV y ten\u00eda reporte de robo.<\/p>\n\n\n\n<p>El detenido y lo asegurado fue puesto a disposici\u00f3n de la autoridad correspondiente, para los tr\u00e1mites de ley.<\/p>\n","protected":false},"excerpt":{"rendered":"<p>* Durante la detenci\u00f3n le aseguraron un arma de fuego corta, una navaja y estupefacientes. Xalapa, Ver.- En el marco de la estrategia para combatir la comisi\u00f3n de il\u00edcitos, personal de la Secretar\u00eda de Seguridad P\u00fablica (SSP), a trav\u00e9s de Polic\u00eda Estatal atraparon a un hombre por delitos contra las instituciones, portaci\u00f3n ilegal de arma [&hellip;]<\/p>\n","protected":false},"author":2476,"featured_media":55077,"comment_status":"open","ping_status":"open","sticky":false,"template":"","format":"standard","meta":{"_jetpack_memberships_contains_paid_content":false,"footnotes":""},"categories":[14],"tags":[],"class_list":["post-55076","post","type-post","status-publish","format-standard","has-post-thumbnail","hentry","category-policiaca"],"jetpack_featured_media_url":"https:\/\/encuentroinformativo.com.mx\/wp-content\/uploads\/2024\/05\/IMG-20240530-WA0034.jpg","jetpack_sharing_enabled":true,"jetpack_likes_enabled":true,"amp_enabled":true,"_links":{"self":[{"href":"https:\/\/encuentroinformativo.com.mx\/index.php?rest_route=\/wp\/v2\/posts\/55076","targetHints":{"allow":["GET"]}}],"collection":[{"href":"https:\/\/encuentroinformativo.com.mx\/index.php?rest_route=\/wp\/v2\/posts"}],"about":[{"href":"https:\/\/encuentroinformativo.com.mx\/index.php?rest_route=\/wp\/v2\/types\/post"}],"author":[{"embeddable":true,"href":"https:\/\/encuentroinformativo.com.mx\/index.php?rest_route=\/wp\/v2\/users\/2476"}],"replies":[{"embeddable":true,"href":"https:\/\/encuentroinformativo.com.mx\/index.php?rest_route=%2Fwp%2Fv2%2Fcomments&post=55076"}],"version-history":[{"count":1,"href":"https:\/\/encuentroinformativo.com.mx\/index.php?rest_route=\/wp\/v2\/posts\/55076\/revisions"}],"predecessor-version":[{"id":55078,"href":"https:\/\/encuentroinformativo.com.mx\/index.php?rest_route=\/wp\/v2\/posts\/55076\/revisions\/55078"}],"wp:featuredmedia":[{"embeddable":true,"href":"https:\/\/encuentroinformativo.com.mx\/index.php?rest_route=\/wp\/v2\/media\/55077"}],"wp:attachment":[{"href":"https:\/\/encuentroinformativo.com.mx\/index.php?rest_route=%2Fwp%2Fv2%2Fmedia&parent=55076"}],"wp:term":[{"taxonomy":"category","embeddable":true,"href":"https:\/\/encuentroinformativo.com.mx\/index.php?rest_route=%2Fwp%2Fv2%2Fcategories&post=55076"},{"taxonomy":"post_tag","embeddable":true,"href":"https:\/\/encuentroinformativo.com.mx\/index.php?rest_route=%2Fwp%2Fv2%2Ftags&post=55076"}],"curies":[{"name":"wp","href":"https:\/\/api.w.org\/{rel}","templated":true}]}}