{"id":55079,"date":"2024-05-30T17:22:08","date_gmt":"2024-05-30T23:22:08","guid":{"rendered":"https:\/\/encuentroinformativo.com.mx\/?p=55079"},"modified":"2024-05-30T17:22:14","modified_gmt":"2024-05-30T23:22:14","slug":"evangelicos-oran-para-que-se-realice-jornada-electoral-en-paz","status":"publish","type":"post","link":"https:\/\/encuentroinformativo.com.mx\/?p=55079","title":{"rendered":"Evang\u00e9licos oran para que se realice jornada electoral en paz"},"content":{"rendered":"\n<p><strong>Dar\u00edo Pale <\/strong><\/p>\n\n\n\n<p>Xalapa, Ver.- La comunidad cristiano evang\u00e9lica ora para que haya elecciones en paz, lo est\u00e1n realizando en plaza Lerdo, invitan a la gente a que se sume a partir de las 20:00 horas, as\u00ed lo dio a conocer el presidente de la Red Evang\u00e9lica de Veracruz, Guillermo Trujillo \u00c1lvarez.<\/p>\n\n\n\n<p>En conferencia de prensa se\u00f1al\u00f3 que la comunidad cristiano evang\u00e9lica de Xalapa, est\u00e1 llevando a cabo jornadas de oraci\u00f3n durante las noches en la plaza Lerdo, para que en las elecciones de este domingo haya paz, pero tambi\u00e9n para que concluya la sequ\u00eda, y reiter\u00f3 su invitaci\u00f3n para que la gente salga a votar este domingo 2 de junio.<\/p>\n\n\n\n<p>Por su parte, el presidente de la organizaci\u00f3n Verdad y Libertad, Jes\u00fas Gaona, coment\u00f3 que la jornada es a partir de las 20:00 horas.<\/p>\n\n\n\n<p>&#8220;Es para que Dios obre en las elecciones, ya vimos la mano del hombre, ahora queremos que Dios sea el que est\u00e9 en estas elecciones. Invitamos a todas las iglesias que quieran venir&#8221;, asever\u00f3.<\/p>\n\n\n\n<p>Detall\u00f3 que este viernes y s\u00e1bado realizar\u00e1n una velada de oraci\u00f3n para que Dios decida qui\u00e9n va a ser el pr\u00f3ximo gobernador, qui\u00e9nes ser\u00e1n los pr\u00f3ximos representantes populares.<\/p>\n\n\n\n<p>&#8220;Y que se acabe la violencia, que se acaben las injusticias que est\u00e1n viviendo actualmente el Estado y el Pa\u00eds. Es necesario que nos pongamos en ese punto de oraci\u00f3n para que los gobernantes entiendan que Veracruz necesita un cambio verdadero y es mediante Jesucristo&#8221;, enfatiz\u00f3.<\/p>\n\n\n\n<p>Por su parte, el pastor Enrique agreg\u00f3 que est\u00e1n ocupados en cumplir con su responsabilidad civil y no s\u00f3lo quedarse en las palabras.<\/p>\n\n\n\n<p>Por \u00faltimo coment\u00f3 que otra de las situaciones por la que est\u00e1 orando la comunidad cristiano evang\u00e9lica, es porque no haya mucho abstencionismo y la gente salga a elegir a sus gobernantes.<\/p>\n","protected":false},"excerpt":{"rendered":"<p>Dar\u00edo Pale Xalapa, Ver.- La comunidad cristiano evang\u00e9lica ora para que haya elecciones en paz, lo est\u00e1n realizando en plaza Lerdo, invitan a la gente a que se sume a partir de las 20:00 horas, as\u00ed lo dio a conocer el presidente de la Red Evang\u00e9lica de Veracruz, Guillermo Trujillo \u00c1lvarez. En conferencia de prensa [&hellip;]<\/p>\n","protected":false},"author":2476,"featured_media":55080,"comment_status":"open","ping_status":"open","sticky":false,"template":"","format":"standard","meta":{"_jetpack_memberships_contains_paid_content":false,"footnotes":""},"categories":[3],"tags":[],"class_list":["post-55079","post","type-post","status-publish","format-standard","has-post-thumbnail","hentry","category-xalapa"],"jetpack_featured_media_url":"https:\/\/encuentroinformativo.com.mx\/wp-content\/uploads\/2024\/05\/IMG-20240530-WA0090.jpg","jetpack_sharing_enabled":true,"jetpack_likes_enabled":true,"amp_enabled":true,"_links":{"self":[{"href":"https:\/\/encuentroinformativo.com.mx\/index.php?rest_route=\/wp\/v2\/posts\/55079","targetHints":{"allow":["GET"]}}],"collection":[{"href":"https:\/\/encuentroinformativo.com.mx\/index.php?rest_route=\/wp\/v2\/posts"}],"about":[{"href":"https:\/\/encuentroinformativo.com.mx\/index.php?rest_route=\/wp\/v2\/types\/post"}],"author":[{"embeddable":true,"href":"https:\/\/encuentroinformativo.com.mx\/index.php?rest_route=\/wp\/v2\/users\/2476"}],"replies":[{"embeddable":true,"href":"https:\/\/encuentroinformativo.com.mx\/index.php?rest_route=%2Fwp%2Fv2%2Fcomments&post=55079"}],"version-history":[{"count":1,"href":"https:\/\/encuentroinformativo.com.mx\/index.php?rest_route=\/wp\/v2\/posts\/55079\/revisions"}],"predecessor-version":[{"id":55081,"href":"https:\/\/encuentroinformativo.com.mx\/index.php?rest_route=\/wp\/v2\/posts\/55079\/revisions\/55081"}],"wp:featuredmedia":[{"embeddable":true,"href":"https:\/\/encuentroinformativo.com.mx\/index.php?rest_route=\/wp\/v2\/media\/55080"}],"wp:attachment":[{"href":"https:\/\/encuentroinformativo.com.mx\/index.php?rest_route=%2Fwp%2Fv2%2Fmedia&parent=55079"}],"wp:term":[{"taxonomy":"category","embeddable":true,"href":"https:\/\/encuentroinformativo.com.mx\/index.php?rest_route=%2Fwp%2Fv2%2Fcategories&post=55079"},{"taxonomy":"post_tag","embeddable":true,"href":"https:\/\/encuentroinformativo.com.mx\/index.php?rest_route=%2Fwp%2Fv2%2Ftags&post=55079"}],"curies":[{"name":"wp","href":"https:\/\/api.w.org\/{rel}","templated":true}]}}