{"id":55084,"date":"2024-05-31T12:38:42","date_gmt":"2024-05-31T18:38:42","guid":{"rendered":"https:\/\/encuentroinformativo.com.mx\/?p=55084"},"modified":"2024-05-31T12:38:50","modified_gmt":"2024-05-31T18:38:50","slug":"que-veracruzanos-salgan-a-votar-exhorta-consejera-del-ople","status":"publish","type":"post","link":"https:\/\/encuentroinformativo.com.mx\/?p=55084","title":{"rendered":"Que veracruzanos salgan a votar, exhorta consejera del OPLE"},"content":{"rendered":"\n<p><strong>Dar\u00edo Pale <\/strong><\/p>\n\n\n\n<p>Xalapa, Ver.- La consejera del Organismo P\u00fablico Local Electoral (OPLE), Mar\u00eda de Lourdes Fern\u00e1ndez Mart\u00ednez hizo un llamado a los m\u00e1s de seis millones de ciudadanos inscritos en el padr\u00f3n electoral y que participar\u00e1n en la elecci\u00f3n del pr\u00f3ximo domingo 2 de junio.<\/p>\n\n\n\n<p>En entrevista pidi\u00f3 a los ciudadanos valorar la opci\u00f3n pol\u00edtica m\u00e1s id\u00f3nea y salir a votar, \u201cojal\u00e1 y podamos superar los porcentajes de votaci\u00f3n que hemos tenido en procesos pasados, y es deseo de todo el pa\u00eds que esta jornada se realice en condiciones pac\u00edficas&#8221;.<\/p>\n\n\n\n<p>\u201cPor nuestra parte, como autoridades electorales, estaremos haciendo lo propio, y me expreso con el sentido y responsabilidad el acto cargo de estar sentada en esta mesa. Mi compromiso como consejera para respetar los principios de la funci\u00f3n electoral\u201d, se\u00f1al\u00f3.<\/p>\n\n\n\n<p>En Veracruz hay 6 millones 80 mil 509 ciudadanas y ciudadanos veracruzanos inscritos en la lista nominal que podr\u00e1n votar en las 10 mil 985 casillas que se instalar\u00e1n a lo largo y ancho del Estado.<\/p>\n\n\n\n<p>Para la elecci\u00f3n federal y local se utilizar\u00e1n 18 millones 333 mil 456 boletas, y ser\u00e1n poco m\u00e1s de 99 mil 865 ciudadanos.<\/p>\n\n\n\n<p>Por lo que a unas horas de que inicie la jornada electoral, la funcionaria pidi\u00f3 a los m\u00e1s de 6 millones de veracruzanos, con credencial para votar, a que acudan a las urnas, pues es mucho el esfuerzo que se ha hecho para disponer de todo lo necesario y elegir a las autoridades estatales y federales.<\/p>\n\n\n\n<p>Este 2 de junio se realizar\u00e1 la elecci\u00f3n concurrente para seleccionar presidente, senadores, diputados federales, gobernador y diputados locales.<\/p>\n\n\n\n<p>Finalmente se\u00f1al\u00f3 que, \u201ceste 2 de junio a partir de las 8 de la ma\u00f1ana, hasta las 6 de la tarde, tenemos un gran compromiso como veracruzanos y veracruzanas, como mexicanas y mexicanos. La decisi\u00f3n est\u00e1 en nuestras manos y esa decisi\u00f3n debe estar informada y razonada\u201d.<\/p>\n","protected":false},"excerpt":{"rendered":"<p>Dar\u00edo Pale Xalapa, Ver.- La consejera del Organismo P\u00fablico Local Electoral (OPLE), Mar\u00eda de Lourdes Fern\u00e1ndez Mart\u00ednez hizo un llamado a los m\u00e1s de seis millones de ciudadanos inscritos en el padr\u00f3n electoral y que participar\u00e1n en la elecci\u00f3n del pr\u00f3ximo domingo 2 de junio. En entrevista pidi\u00f3 a los ciudadanos valorar la opci\u00f3n pol\u00edtica [&hellip;]<\/p>\n","protected":false},"author":2476,"featured_media":55085,"comment_status":"open","ping_status":"open","sticky":false,"template":"","format":"standard","meta":{"_jetpack_memberships_contains_paid_content":false,"footnotes":""},"categories":[2],"tags":[],"class_list":["post-55084","post","type-post","status-publish","format-standard","has-post-thumbnail","hentry","category-estado"],"jetpack_featured_media_url":"https:\/\/encuentroinformativo.com.mx\/wp-content\/uploads\/2024\/05\/IMG-20240531-WA0051.jpg","jetpack_sharing_enabled":true,"jetpack_likes_enabled":true,"amp_enabled":true,"_links":{"self":[{"href":"https:\/\/encuentroinformativo.com.mx\/index.php?rest_route=\/wp\/v2\/posts\/55084","targetHints":{"allow":["GET"]}}],"collection":[{"href":"https:\/\/encuentroinformativo.com.mx\/index.php?rest_route=\/wp\/v2\/posts"}],"about":[{"href":"https:\/\/encuentroinformativo.com.mx\/index.php?rest_route=\/wp\/v2\/types\/post"}],"author":[{"embeddable":true,"href":"https:\/\/encuentroinformativo.com.mx\/index.php?rest_route=\/wp\/v2\/users\/2476"}],"replies":[{"embeddable":true,"href":"https:\/\/encuentroinformativo.com.mx\/index.php?rest_route=%2Fwp%2Fv2%2Fcomments&post=55084"}],"version-history":[{"count":1,"href":"https:\/\/encuentroinformativo.com.mx\/index.php?rest_route=\/wp\/v2\/posts\/55084\/revisions"}],"predecessor-version":[{"id":55086,"href":"https:\/\/encuentroinformativo.com.mx\/index.php?rest_route=\/wp\/v2\/posts\/55084\/revisions\/55086"}],"wp:featuredmedia":[{"embeddable":true,"href":"https:\/\/encuentroinformativo.com.mx\/index.php?rest_route=\/wp\/v2\/media\/55085"}],"wp:attachment":[{"href":"https:\/\/encuentroinformativo.com.mx\/index.php?rest_route=%2Fwp%2Fv2%2Fmedia&parent=55084"}],"wp:term":[{"taxonomy":"category","embeddable":true,"href":"https:\/\/encuentroinformativo.com.mx\/index.php?rest_route=%2Fwp%2Fv2%2Fcategories&post=55084"},{"taxonomy":"post_tag","embeddable":true,"href":"https:\/\/encuentroinformativo.com.mx\/index.php?rest_route=%2Fwp%2Fv2%2Ftags&post=55084"}],"curies":[{"name":"wp","href":"https:\/\/api.w.org\/{rel}","templated":true}]}}