{"id":55087,"date":"2024-05-31T13:10:11","date_gmt":"2024-05-31T19:10:11","guid":{"rendered":"https:\/\/encuentroinformativo.com.mx\/?p=55087"},"modified":"2024-05-31T13:10:16","modified_gmt":"2024-05-31T19:10:16","slug":"vecinos-se-oponen-a-presunto-derribo-de-arboles-en-zona-de-palo-verde","status":"publish","type":"post","link":"https:\/\/encuentroinformativo.com.mx\/?p=55087","title":{"rendered":"Vecinos se oponen a presunto derribo de \u00e1rboles en zona de Palo Verde"},"content":{"rendered":"\n<p><strong>Juan Arcos <\/strong><\/p>\n\n\n\n<p>Xalapa, Ver.- Vecinos de la colonia \u00c1lvaro Obreg\u00f3n, en esta ciudad de Xalapa, denunciaron que se pretenden derriban 40 \u00e1rboles sobre la calle Joaqu\u00edn Pensado por la presunta obra para la construcci\u00f3n de un centro de identificaci\u00f3n humana en la zona del pante\u00f3n Palo Verde.<\/p>\n\n\n\n<p>Las personas reci\u00e9n se percataron de que los troncos de los ficus estaban siendo marcados. Se acercaron a preguntar a quienes realizaban dichas acciones y les respondieron que se trataba de una obra de dicha \u00edndole.<\/p>\n\n\n\n<p>Los residentes hab\u00edan acordado manifestarse la ma\u00f1ana de este viernes 31 de mayo en bajos de Palacio de Municipal, despu\u00e9s de las 8:30 horas.<\/p>\n\n\n\n<p>Sin embargo, hubo acercamiento por parte del ayuntamiento y el mismo alcalde Ricardo Ahued Bardahuil dialogar\u00eda con ellos para atender sus inquietudes y dar seguimiento a sus demandas.<\/p>\n\n\n\n<p>De acuerdo con Dana Lara, vecina de la zona, en primera instancia se les hab\u00eda informado sobre la presunta construcci\u00f3n de un Servicio M\u00e9dico Forense (Semefo) en su colonia y persiste la incertidumbre por la falta de informaci\u00f3n al respecto.<\/p>\n\n\n\n<p>\u201cNo nos parece que vengan a querer tirar nuestros \u00e1rboles cuando cost\u00f3 much\u00edsimos a\u00f1os todo esto, este ambiente que antes era un ambiente muy pesado, ahora es un ambiente tranquilo y que vengan a querer hacer un Semefo aqu\u00ed, quitando nuestra tranquilidad, que nuestros hijos juegan libremente en la calle Joaqu\u00edn Pensado donde piensan derribar todos los \u00e1rboles\u201d.<\/p>\n\n\n\n<p>La entrevistada indic\u00f3 que los vecinos est\u00e1n dispuestos a emprender una serie de manifestaciones para la defensa del arbolado y la tranquilidad en su colonia.<\/p>\n\n\n\n<p>\u201cQueremos que nos escuchen y pongan atenci\u00f3n a nuestras necesidades, que no queremos ning\u00fan Semefo ni nada por el estilo en esta parte\u201d, coment\u00f3 Dana Lara.<\/p>\n\n\n\n<p>Se habla de aproximadamente 40 \u00e1rboles, que colindasen con el pante\u00f3n Palo Verde y ser\u00edan talados para llevar a cabo una obra de la Fiscal\u00eda General del Estado (FGE).<\/p>\n","protected":false},"excerpt":{"rendered":"<p>Juan Arcos Xalapa, Ver.- Vecinos de la colonia \u00c1lvaro Obreg\u00f3n, en esta ciudad de Xalapa, denunciaron que se pretenden derriban 40 \u00e1rboles sobre la calle Joaqu\u00edn Pensado por la presunta obra para la construcci\u00f3n de un centro de identificaci\u00f3n humana en la zona del pante\u00f3n Palo Verde. Las personas reci\u00e9n se percataron de que los [&hellip;]<\/p>\n","protected":false},"author":2476,"featured_media":55088,"comment_status":"open","ping_status":"open","sticky":false,"template":"","format":"standard","meta":{"_jetpack_memberships_contains_paid_content":false,"footnotes":""},"categories":[3],"tags":[],"class_list":["post-55087","post","type-post","status-publish","format-standard","has-post-thumbnail","hentry","category-xalapa"],"jetpack_featured_media_url":"https:\/\/encuentroinformativo.com.mx\/wp-content\/uploads\/2024\/05\/1a6a4649-01cf-47f9-849e-5c8639465601.jpg","jetpack_sharing_enabled":true,"jetpack_likes_enabled":true,"amp_enabled":true,"_links":{"self":[{"href":"https:\/\/encuentroinformativo.com.mx\/index.php?rest_route=\/wp\/v2\/posts\/55087","targetHints":{"allow":["GET"]}}],"collection":[{"href":"https:\/\/encuentroinformativo.com.mx\/index.php?rest_route=\/wp\/v2\/posts"}],"about":[{"href":"https:\/\/encuentroinformativo.com.mx\/index.php?rest_route=\/wp\/v2\/types\/post"}],"author":[{"embeddable":true,"href":"https:\/\/encuentroinformativo.com.mx\/index.php?rest_route=\/wp\/v2\/users\/2476"}],"replies":[{"embeddable":true,"href":"https:\/\/encuentroinformativo.com.mx\/index.php?rest_route=%2Fwp%2Fv2%2Fcomments&post=55087"}],"version-history":[{"count":1,"href":"https:\/\/encuentroinformativo.com.mx\/index.php?rest_route=\/wp\/v2\/posts\/55087\/revisions"}],"predecessor-version":[{"id":55089,"href":"https:\/\/encuentroinformativo.com.mx\/index.php?rest_route=\/wp\/v2\/posts\/55087\/revisions\/55089"}],"wp:featuredmedia":[{"embeddable":true,"href":"https:\/\/encuentroinformativo.com.mx\/index.php?rest_route=\/wp\/v2\/media\/55088"}],"wp:attachment":[{"href":"https:\/\/encuentroinformativo.com.mx\/index.php?rest_route=%2Fwp%2Fv2%2Fmedia&parent=55087"}],"wp:term":[{"taxonomy":"category","embeddable":true,"href":"https:\/\/encuentroinformativo.com.mx\/index.php?rest_route=%2Fwp%2Fv2%2Fcategories&post=55087"},{"taxonomy":"post_tag","embeddable":true,"href":"https:\/\/encuentroinformativo.com.mx\/index.php?rest_route=%2Fwp%2Fv2%2Ftags&post=55087"}],"curies":[{"name":"wp","href":"https:\/\/api.w.org\/{rel}","templated":true}]}}