{"id":55096,"date":"2024-05-31T14:28:21","date_gmt":"2024-05-31T20:28:21","guid":{"rendered":"https:\/\/encuentroinformativo.com.mx\/?p=55096"},"modified":"2024-05-31T14:28:21","modified_gmt":"2024-05-31T20:28:21","slug":"reyes-peralta-anuncia-se-hara-cargo-del-caso-yesenia-castillo","status":"publish","type":"post","link":"https:\/\/encuentroinformativo.com.mx\/?p=55096","title":{"rendered":"Reyes Peralta anuncia se har\u00e1 cargo del caso Yesenia Castillo"},"content":{"rendered":"\n<p><strong>Alejandro \u00c1vila<\/strong><\/p>\n\n\n\n<p>Boca del R\u00edo, Ver.- El abogado, Jorge Reyes Peralta, anunci\u00f3 que a partir de este momento se har\u00e1 cargo del caso de la joven, Yesenia Ivonne Castillo Candela, debido a que su proceso ha presentado varias irregularidades por parte de la Fiscal\u00eda de Veracruz.<\/p>\n\n\n\n<p>Cabe recordar que la joven fue acusada del presunto asesinato de 7 personas de su familia, entre ellas su padre, su madre, sus hermanos, su cu\u00f1ado y su sobrino; en el lamentable hecho ocurrido el 03 julio 2022.<\/p>\n\n\n\n<p>&#8220;La Fiscal\u00eda por este caso est\u00e1 solicitando una penalidad de 490 a\u00f1os de prisi\u00f3n para mi defendida. Les quiero decir que mi defendida no cometi\u00f3 ning\u00fan delito, la Fiscal\u00eda que tiene como pruebas, lo cl\u00e1sicos, la Fiscal\u00eda tiene alrededor de 30 testigos protegidos, que ninguno de todos esos testimonios de los testigos protegidos nos pueden decir que ella fue la copart\u00edcipe, que ella fue el autor intelectual, que ella fue la homicida, no hay arma homicida, no sabe ni cu\u00e1ntas personas participaron en el crimen, no sabe ni cu\u00e1ntas armas dispararon las 8 ojivas con casquillos que encontraron dentro de los cad\u00e1veres de los casquillos que se encontraron el d\u00eda del evento, y dicen que hacen un cateo donde viv\u00eda mi clienta Yesenia Ivonne y encuentran una bala, del mismo calibre y marca de los casquillos que encontraron. Entonces, imag\u00ednense ustedes que una persona a punto de dar a luz, pueda tener esa mente tan maquiav\u00e9lica de matar a toda su familia, quedarse ah\u00ed resguardando a 2 peque\u00f1os, los que se salvaron nada m\u00e1s fueron 2 peque\u00f1os y ella, menores que con su debido resguardo han declarado y coinciden en que ella lo resguarda, y nada, ninguna prueba nos orienta a que ella haya sido quien haya participado en ese atroz crimen&#8221;, sentenci\u00f3.<\/p>\n\n\n\n<p>En ese sentido, Jorge Reyes Peralta solicit\u00f3 que se abra una investigaci\u00f3n verdadera, pues en los 2 periodos previos de investigaci\u00f3n jam\u00e1s hubo un acto serio de indagaci\u00f3n de los hechos; al tiempo que aclar\u00f3 que ella nunca huy\u00f3 por sentirse responsable de los hechos, simplemente hab\u00eda acudido a su ciudad natal en el Estado de Durango a enterrar a sus familiares.<\/p>\n","protected":false},"excerpt":{"rendered":"<p>Alejandro \u00c1vila Boca del R\u00edo, Ver.- El abogado, Jorge Reyes Peralta, anunci\u00f3 que a partir de este momento se har\u00e1 cargo del caso de la joven, Yesenia Ivonne Castillo Candela, debido a que su proceso ha presentado varias irregularidades por parte de la Fiscal\u00eda de Veracruz. Cabe recordar que la joven fue acusada del presunto [&hellip;]<\/p>\n","protected":false},"author":2476,"featured_media":55097,"comment_status":"open","ping_status":"open","sticky":false,"template":"","format":"standard","meta":{"_jetpack_memberships_contains_paid_content":false,"footnotes":""},"categories":[2],"tags":[],"class_list":["post-55096","post","type-post","status-publish","format-standard","has-post-thumbnail","hentry","category-estado"],"jetpack_featured_media_url":"https:\/\/encuentroinformativo.com.mx\/wp-content\/uploads\/2024\/05\/IMG-20240531-WA0072-scaled.jpg","jetpack_sharing_enabled":true,"jetpack_likes_enabled":true,"amp_enabled":true,"_links":{"self":[{"href":"https:\/\/encuentroinformativo.com.mx\/index.php?rest_route=\/wp\/v2\/posts\/55096","targetHints":{"allow":["GET"]}}],"collection":[{"href":"https:\/\/encuentroinformativo.com.mx\/index.php?rest_route=\/wp\/v2\/posts"}],"about":[{"href":"https:\/\/encuentroinformativo.com.mx\/index.php?rest_route=\/wp\/v2\/types\/post"}],"author":[{"embeddable":true,"href":"https:\/\/encuentroinformativo.com.mx\/index.php?rest_route=\/wp\/v2\/users\/2476"}],"replies":[{"embeddable":true,"href":"https:\/\/encuentroinformativo.com.mx\/index.php?rest_route=%2Fwp%2Fv2%2Fcomments&post=55096"}],"version-history":[{"count":2,"href":"https:\/\/encuentroinformativo.com.mx\/index.php?rest_route=\/wp\/v2\/posts\/55096\/revisions"}],"predecessor-version":[{"id":55099,"href":"https:\/\/encuentroinformativo.com.mx\/index.php?rest_route=\/wp\/v2\/posts\/55096\/revisions\/55099"}],"wp:featuredmedia":[{"embeddable":true,"href":"https:\/\/encuentroinformativo.com.mx\/index.php?rest_route=\/wp\/v2\/media\/55097"}],"wp:attachment":[{"href":"https:\/\/encuentroinformativo.com.mx\/index.php?rest_route=%2Fwp%2Fv2%2Fmedia&parent=55096"}],"wp:term":[{"taxonomy":"category","embeddable":true,"href":"https:\/\/encuentroinformativo.com.mx\/index.php?rest_route=%2Fwp%2Fv2%2Fcategories&post=55096"},{"taxonomy":"post_tag","embeddable":true,"href":"https:\/\/encuentroinformativo.com.mx\/index.php?rest_route=%2Fwp%2Fv2%2Ftags&post=55096"}],"curies":[{"name":"wp","href":"https:\/\/api.w.org\/{rel}","templated":true}]}}