{"id":551,"date":"2020-03-09T13:25:15","date_gmt":"2020-03-09T19:25:15","guid":{"rendered":"https:\/\/encuentroinformativo.com\/?p=551"},"modified":"2020-03-09T13:25:15","modified_gmt":"2020-03-09T19:25:15","slug":"por-feminicidios-necesario-nombrar-titular-de-fiscalia-diputada","status":"publish","type":"post","link":"https:\/\/encuentroinformativo.com.mx\/?p=551","title":{"rendered":"Por feminicidios, necesario nombrar titular de Fiscal\u00eda: Diputada"},"content":{"rendered":"\n<p><strong>Dar\u00edo Pale <\/strong><\/p>\n\n\n\n<p>Xalapa, Ver.- La diputada federal de Morena Claudia Tello Espinosa dio a conocer que en Veracruz ya se debe de nombrar a un titular de la Fiscal\u00eda a General del Estado (FGE), para hacer frente a los problemas de los feminicidios.<\/p>\n\n\n\n<p>Entrevistada en conocido caf\u00e9 del centro de Xalapa se\u00f1al\u00f3 que est\u00e1n trabajando para que a nivel federal se tome conciencia de que las cosas deben de cambiar y las movilizaciones como la de ayer son parte de esta conciencia.<\/p>\n\n\n\n<p>\u201cA nivel legislativo se est\u00e1 trabajando mucho por un mundo libre de violencia, se est\u00e1 legislando para que las fotograf\u00edas de mujeres que han sido asesinadas no salgan a la luz, no tienen porque el respeto hacia ellas, aparte tambi\u00e9n las instituciones deben de tomar en sus manos,las fiscal\u00eda, los ministerios p\u00fablicos, tomar en cuenta las denuncias y poner un alto de inmediato a cualquier agresi\u00f3n contra las mujeres\u201d, se\u00f1al\u00f3.<\/p>\n\n\n\n<p>Dio a conocer que en los \u00faltimos feminicidios ya ten\u00edan una recurrencia en las instalaciones pero no se le hab\u00eda puesto atenci\u00f3n.<\/p>\n\n\n\n<p>En cuanto a la tipificaci\u00f3n del feminicidio coment\u00f3 que no se pod\u00eda realizar pero el gobernador se\u00f1al\u00f3 que si se har\u00e1 una Fiscal\u00eda en contra del feminicidio, para hacer una atenci\u00f3n directa a este tipo de situaciones, \u00a0por lo que esperar\u00e1n un poco para ver quienes lo que sucede.<\/p>\n\n\n\n<p>Agreg\u00f3 que en la federaci\u00f3n,estados y municipios est\u00e1n poniendo todo de su parte para poder resolver estos temas, pero insisti\u00f3 que la sociedad, padres de familia, maestros, etc\u00e9tera que todos deben de contribuir y empezar a cambiar ese chip.<\/p>\n\n\n\n<p>\u201cLos problemas que existen de seguridad, muchos de ellos sed\u00e1n en la pobreza extrema, porque la gente necesita buscar el sustento diario para darle el alimento a la familia\u201d, se\u00f1al\u00f3.<\/p>\n\n\n\n<p>Por \u00faltimo dio a conocer que en Veracruz ya se debe de nombrar un titular en la Fiscal\u00eda General del Estado (FGE) y no solo una encargada de despacho por lo que est\u00e1n a la espera de ese proceso. \u00a0<\/p>\n\n\n\n<p><\/p>\n","protected":false},"excerpt":{"rendered":"<p>Dar\u00edo Pale Xalapa, Ver.- La diputada federal de Morena Claudia Tello Espinosa dio a conocer que en Veracruz ya se debe de nombrar a un titular de la Fiscal\u00eda a General del Estado (FGE), para hacer frente a los problemas de los feminicidios. Entrevistada en conocido caf\u00e9 del centro de Xalapa se\u00f1al\u00f3 que est\u00e1n trabajando [&hellip;]<\/p>\n","protected":false},"author":1,"featured_media":67,"comment_status":"open","ping_status":"open","sticky":false,"template":"","format":"standard","meta":{"_jetpack_memberships_contains_paid_content":false,"footnotes":""},"categories":[3],"tags":[],"class_list":["post-551","post","type-post","status-publish","format-standard","has-post-thumbnail","hentry","category-xalapa"],"jetpack_featured_media_url":"https:\/\/encuentroinformativo.com.mx\/wp-content\/uploads\/2020\/02\/violencia.jpg","jetpack_sharing_enabled":true,"jetpack_likes_enabled":true,"amp_enabled":true,"_links":{"self":[{"href":"https:\/\/encuentroinformativo.com.mx\/index.php?rest_route=\/wp\/v2\/posts\/551","targetHints":{"allow":["GET"]}}],"collection":[{"href":"https:\/\/encuentroinformativo.com.mx\/index.php?rest_route=\/wp\/v2\/posts"}],"about":[{"href":"https:\/\/encuentroinformativo.com.mx\/index.php?rest_route=\/wp\/v2\/types\/post"}],"author":[{"embeddable":true,"href":"https:\/\/encuentroinformativo.com.mx\/index.php?rest_route=\/wp\/v2\/users\/1"}],"replies":[{"embeddable":true,"href":"https:\/\/encuentroinformativo.com.mx\/index.php?rest_route=%2Fwp%2Fv2%2Fcomments&post=551"}],"version-history":[{"count":1,"href":"https:\/\/encuentroinformativo.com.mx\/index.php?rest_route=\/wp\/v2\/posts\/551\/revisions"}],"predecessor-version":[{"id":552,"href":"https:\/\/encuentroinformativo.com.mx\/index.php?rest_route=\/wp\/v2\/posts\/551\/revisions\/552"}],"wp:featuredmedia":[{"embeddable":true,"href":"https:\/\/encuentroinformativo.com.mx\/index.php?rest_route=\/wp\/v2\/media\/67"}],"wp:attachment":[{"href":"https:\/\/encuentroinformativo.com.mx\/index.php?rest_route=%2Fwp%2Fv2%2Fmedia&parent=551"}],"wp:term":[{"taxonomy":"category","embeddable":true,"href":"https:\/\/encuentroinformativo.com.mx\/index.php?rest_route=%2Fwp%2Fv2%2Fcategories&post=551"},{"taxonomy":"post_tag","embeddable":true,"href":"https:\/\/encuentroinformativo.com.mx\/index.php?rest_route=%2Fwp%2Fv2%2Ftags&post=551"}],"curies":[{"name":"wp","href":"https:\/\/api.w.org\/{rel}","templated":true}]}}