{"id":5510,"date":"2020-09-03T13:17:21","date_gmt":"2020-09-03T18:17:21","guid":{"rendered":"https:\/\/encuentroinformativo.com\/?p=5510"},"modified":"2020-09-03T13:17:24","modified_gmt":"2020-09-03T18:17:24","slug":"obligan-a-cambios-de-adscripcion-en-la-sev-acusan-docentes","status":"publish","type":"post","link":"https:\/\/encuentroinformativo.com.mx\/?p=5510","title":{"rendered":"Obligan a cambios de adscripci\u00f3n en la SEV, acusan docentes"},"content":{"rendered":"\n<p><strong>Juan Arcos <\/strong><\/p>\n\n\n\n<p>Xalapa, Ver.- Un grupo de maestros denunci\u00f3 que est\u00e1 siendo sometido a cambios de adscripci\u00f3n obligatorios por parte de la oficial mayor de la Secretar\u00eda de Educaci\u00f3n de Veracruz (SEV), Ariadna Selene Aguilar Amaya.<\/p>\n\n\n\n<p>Los quejosos pidieron el anonimato por temor a represalias y alzaron la voz para solicitar la intervenci\u00f3n del secretario de Educaci\u00f3n, Zenyazen Escobar Garc\u00eda, para que ponga orden en los tr\u00e1mites mencionados.<\/p>\n\n\n\n<p>Los docentes comentaron que los cambios de adscripci\u00f3n est\u00e1n siendo perjudiciales, en lugar de beneficiar a quienes desean un lugar de trabajo m\u00e1s cerca de casa.<\/p>\n\n\n\n<p>Sin embargo, autoridades educativas est\u00e1n reubicando a los profesores en zonas m\u00e1s lejanas de su lugar de origen.<\/p>\n\n\n\n<p>La maestra Amalia, de identidad resguardada, revel\u00f3 que nunca solicit\u00f3 su cambio, pero el domingo pasado recibi\u00f3 un correo electr\u00f3nico donde la SEV notifica sobre una reuni\u00f3n v\u00eda Zoom para proceder con los cambios de adscripci\u00f3n 2020-2021.<\/p>\n\n\n\n<p>\u201cMarqu\u00e9 a la SEV para saber de qu\u00e9 se trataba todo esto, porque nunca solicit\u00e9 mi cambio de adscripci\u00f3n, estaba laborando f\u00edsicamente en el lugar que dice mi hoja de presentaci\u00f3n y con esta acci\u00f3n est\u00e1n violando mis derechos\u201d, expres\u00f3.<\/p>\n\n\n\n<p>La mujer record\u00f3 que, en dicha reuni\u00f3n virtual, ella y otros catedr\u00e1ticos fueron presionados para acceder a un nuevo lugar de trabajo.<\/p>\n\n\n\n<p>\u201cLes dije: todos los art\u00edculos que mandaron en el correo, yo los le\u00ed y en ninguno me menciona. Me dijo: bueno, pero a parte de su orden de presentaci\u00f3n, les repito que est\u00e1n en el art\u00edculo 9 transitorio y yo mencion\u00e9 que de transitorio solamente hab\u00eda cuatro art\u00edculos y, me dijo: por eso maestra si no quiere elegir su plaza, que simplemente se le levante un acta, en donde usted est\u00e1 renunciando a ella y se va a atener a las consecuencias, se le va a retener su pago\u201d.<\/p>\n\n\n\n<p>Por tal motivo, los docentes pidieron su apoyo al titular de la SEV para que cesen dichas anomal\u00edas al interior de la Oficial\u00eda Mayor.<\/p>\n\n\n\n<p><\/p>\n","protected":false},"excerpt":{"rendered":"<p>Juan Arcos Xalapa, Ver.- Un grupo de maestros denunci\u00f3 que est\u00e1 siendo sometido a cambios de adscripci\u00f3n obligatorios por parte de la oficial mayor de la Secretar\u00eda de Educaci\u00f3n de Veracruz (SEV), Ariadna Selene Aguilar Amaya. Los quejosos pidieron el anonimato por temor a represalias y alzaron la voz para solicitar la intervenci\u00f3n del secretario [&hellip;]<\/p>\n","protected":false},"author":1,"featured_media":5511,"comment_status":"open","ping_status":"open","sticky":false,"template":"","format":"standard","meta":{"_jetpack_memberships_contains_paid_content":false,"footnotes":""},"categories":[2],"tags":[],"class_list":["post-5510","post","type-post","status-publish","format-standard","has-post-thumbnail","hentry","category-estado"],"jetpack_featured_media_url":"https:\/\/encuentroinformativo.com.mx\/wp-content\/uploads\/2020\/09\/1061D52D-7C19-4A54-9BD1-9852294D4D95.jpeg","jetpack_sharing_enabled":true,"jetpack_likes_enabled":true,"amp_enabled":true,"_links":{"self":[{"href":"https:\/\/encuentroinformativo.com.mx\/index.php?rest_route=\/wp\/v2\/posts\/5510","targetHints":{"allow":["GET"]}}],"collection":[{"href":"https:\/\/encuentroinformativo.com.mx\/index.php?rest_route=\/wp\/v2\/posts"}],"about":[{"href":"https:\/\/encuentroinformativo.com.mx\/index.php?rest_route=\/wp\/v2\/types\/post"}],"author":[{"embeddable":true,"href":"https:\/\/encuentroinformativo.com.mx\/index.php?rest_route=\/wp\/v2\/users\/1"}],"replies":[{"embeddable":true,"href":"https:\/\/encuentroinformativo.com.mx\/index.php?rest_route=%2Fwp%2Fv2%2Fcomments&post=5510"}],"version-history":[{"count":1,"href":"https:\/\/encuentroinformativo.com.mx\/index.php?rest_route=\/wp\/v2\/posts\/5510\/revisions"}],"predecessor-version":[{"id":5512,"href":"https:\/\/encuentroinformativo.com.mx\/index.php?rest_route=\/wp\/v2\/posts\/5510\/revisions\/5512"}],"wp:featuredmedia":[{"embeddable":true,"href":"https:\/\/encuentroinformativo.com.mx\/index.php?rest_route=\/wp\/v2\/media\/5511"}],"wp:attachment":[{"href":"https:\/\/encuentroinformativo.com.mx\/index.php?rest_route=%2Fwp%2Fv2%2Fmedia&parent=5510"}],"wp:term":[{"taxonomy":"category","embeddable":true,"href":"https:\/\/encuentroinformativo.com.mx\/index.php?rest_route=%2Fwp%2Fv2%2Fcategories&post=5510"},{"taxonomy":"post_tag","embeddable":true,"href":"https:\/\/encuentroinformativo.com.mx\/index.php?rest_route=%2Fwp%2Fv2%2Ftags&post=5510"}],"curies":[{"name":"wp","href":"https:\/\/api.w.org\/{rel}","templated":true}]}}