{"id":55100,"date":"2024-05-31T14:48:49","date_gmt":"2024-05-31T20:48:49","guid":{"rendered":"https:\/\/encuentroinformativo.com.mx\/?p=55100"},"modified":"2024-05-31T14:48:55","modified_gmt":"2024-05-31T20:48:55","slug":"siempre-si-aplicaran-ley-seca-en-zona-conurbada","status":"publish","type":"post","link":"https:\/\/encuentroinformativo.com.mx\/?p=55100","title":{"rendered":"\u00a1Siempre s\u00ed! Aplicaran Ley Seca en zona conurbada"},"content":{"rendered":"\n<p><strong>Alejandro \u00c1vila<\/strong><\/p>\n\n\n\n<p>Veracruz, Ver.- Los municipios de Veracruz, Boca del R\u00edo y Alvarado, recularon y decidieron sumarse a las 48 horas de Ley Seca durante este fin de semana 1 y 2 de junio, debido a la jornada electoral.<\/p>\n\n\n\n<p>Cabe recordar que, el pasado lunes 27 de mayo, la presidenta de Canirac Veracruz, Abigail Guzm\u00e1n Hern\u00e1ndez, inform\u00f3 que hab\u00eda mandado oficios a los 3 municipios mencionados, para solicitarles la venta de alcohol en los establecimientos que vendieran alimentos, al menos para el s\u00e1bado 1 de junio.<\/p>\n\n\n\n<p>Apenas este jueves por la noche los Ayuntamientos de Veracruz, Boca del R\u00edo y Alvarado, informaron a trav\u00e9s de sus redes sociales y en grupos de Whatsapp a cientos de comerciantes que, la venta de alcohol quedaba prohibido a partir de las 23:59 del d\u00eda viernes 31 de mayo, hasta el lunes 3 de junio a las 0:00 horas.<\/p>\n\n\n\n<p>Al mismo tiempo solicitaron a bares, antros y cantinas, que de preferencia cerrar\u00e1n sus locales durante este fin de semana; el limitar o nulificar la venta de alcohol en los establecimientos, genera una p\u00e9rdida para los empresarios de aproximadamente el 40 por ciento, inform\u00f3 la Canirac.<\/p>\n","protected":false},"excerpt":{"rendered":"<p>Alejandro \u00c1vila Veracruz, Ver.- Los municipios de Veracruz, Boca del R\u00edo y Alvarado, recularon y decidieron sumarse a las 48 horas de Ley Seca durante este fin de semana 1 y 2 de junio, debido a la jornada electoral. Cabe recordar que, el pasado lunes 27 de mayo, la presidenta de Canirac Veracruz, Abigail Guzm\u00e1n [&hellip;]<\/p>\n","protected":false},"author":2476,"featured_media":55101,"comment_status":"open","ping_status":"open","sticky":false,"template":"","format":"standard","meta":{"_jetpack_memberships_contains_paid_content":false,"footnotes":""},"categories":[2],"tags":[],"class_list":["post-55100","post","type-post","status-publish","format-standard","has-post-thumbnail","hentry","category-estado"],"jetpack_featured_media_url":"https:\/\/encuentroinformativo.com.mx\/wp-content\/uploads\/2024\/05\/IMG-20240531-WA0074.jpg","jetpack_sharing_enabled":true,"jetpack_likes_enabled":true,"amp_enabled":true,"_links":{"self":[{"href":"https:\/\/encuentroinformativo.com.mx\/index.php?rest_route=\/wp\/v2\/posts\/55100","targetHints":{"allow":["GET"]}}],"collection":[{"href":"https:\/\/encuentroinformativo.com.mx\/index.php?rest_route=\/wp\/v2\/posts"}],"about":[{"href":"https:\/\/encuentroinformativo.com.mx\/index.php?rest_route=\/wp\/v2\/types\/post"}],"author":[{"embeddable":true,"href":"https:\/\/encuentroinformativo.com.mx\/index.php?rest_route=\/wp\/v2\/users\/2476"}],"replies":[{"embeddable":true,"href":"https:\/\/encuentroinformativo.com.mx\/index.php?rest_route=%2Fwp%2Fv2%2Fcomments&post=55100"}],"version-history":[{"count":1,"href":"https:\/\/encuentroinformativo.com.mx\/index.php?rest_route=\/wp\/v2\/posts\/55100\/revisions"}],"predecessor-version":[{"id":55102,"href":"https:\/\/encuentroinformativo.com.mx\/index.php?rest_route=\/wp\/v2\/posts\/55100\/revisions\/55102"}],"wp:featuredmedia":[{"embeddable":true,"href":"https:\/\/encuentroinformativo.com.mx\/index.php?rest_route=\/wp\/v2\/media\/55101"}],"wp:attachment":[{"href":"https:\/\/encuentroinformativo.com.mx\/index.php?rest_route=%2Fwp%2Fv2%2Fmedia&parent=55100"}],"wp:term":[{"taxonomy":"category","embeddable":true,"href":"https:\/\/encuentroinformativo.com.mx\/index.php?rest_route=%2Fwp%2Fv2%2Fcategories&post=55100"},{"taxonomy":"post_tag","embeddable":true,"href":"https:\/\/encuentroinformativo.com.mx\/index.php?rest_route=%2Fwp%2Fv2%2Ftags&post=55100"}],"curies":[{"name":"wp","href":"https:\/\/api.w.org\/{rel}","templated":true}]}}