{"id":55134,"date":"2024-06-02T11:00:23","date_gmt":"2024-06-02T17:00:23","guid":{"rendered":"https:\/\/encuentroinformativo.com.mx\/?p=55134"},"modified":"2024-06-02T11:00:29","modified_gmt":"2024-06-02T17:00:29","slug":"llama-ine-veracruz-para-que-participen-mas-de-6-millones-de-electores","status":"publish","type":"post","link":"https:\/\/encuentroinformativo.com.mx\/?p=55134","title":{"rendered":"Llama INE Veracruz para que participen m\u00e1s de 6 millones de electores"},"content":{"rendered":"\n<p><strong>Dar\u00edo Pale <\/strong><\/p>\n\n\n\n<p>Xalapa, Ver.- El vocal ejecutivo de la junta distrital del Instituto Nacional Electoral (INE), Josu\u00e9 Cervantes Mart\u00ednez, hizo un llamado para que los m\u00e1s de 6 millones de electores participen en la votaci\u00f3n de este domingo 2 de junio, esto tras la instalaci\u00f3n de la sesi\u00f3n permanente del Consejo Local del INE en Veracruz.<\/p>\n\n\n\n<p>Durante su discurso inicial se dirigi\u00f3 especialmente a las mujeres, a las juventudes, a las personas en alguna situaci\u00f3n de vulnerabilidad por su origen \u00e9tnico, g\u00e9nero, edad, discapacidad, condici\u00f3n social o preferencia sexual.<\/p>\n\n\n\n<p>As\u00ed como a quienes dudan del formato democr\u00e1tico \u201ccomo el \u00fanico mecanismo para realizar los sue\u00f1os de todas aquellas personas que, de alguna u otra manera, se hayan sentido excluidas de las bondades de vivir en comunidad\u201d.<\/p>\n\n\n\n<p>A su vez, y tras subrayar que se viven las elecciones m\u00e1s grandes de los \u00faltimos a\u00f1os, Josu\u00e9 Cervantes tambi\u00e9n hizo un llamado a las autoridades encargadas de garantizar la seguridad de las personas para que cumplan con su deber.<\/p>\n\n\n\n<p>Cabe recordar que el Consejo Local del INE precis\u00f3 que este domingo 98 mil 800 personas fungen como funcionarias de casilla en las 10 mil 985 mesas directivas de casilla instaladas a lo largo y ancho del territorio veracruzano.<\/p>\n","protected":false},"excerpt":{"rendered":"<p>Dar\u00edo Pale Xalapa, Ver.- El vocal ejecutivo de la junta distrital del Instituto Nacional Electoral (INE), Josu\u00e9 Cervantes Mart\u00ednez, hizo un llamado para que los m\u00e1s de 6 millones de electores participen en la votaci\u00f3n de este domingo 2 de junio, esto tras la instalaci\u00f3n de la sesi\u00f3n permanente del Consejo Local del INE en [&hellip;]<\/p>\n","protected":false},"author":2476,"featured_media":55135,"comment_status":"open","ping_status":"open","sticky":false,"template":"","format":"standard","meta":{"_jetpack_memberships_contains_paid_content":false,"footnotes":""},"categories":[2],"tags":[],"class_list":["post-55134","post","type-post","status-publish","format-standard","has-post-thumbnail","hentry","category-estado"],"jetpack_featured_media_url":"https:\/\/encuentroinformativo.com.mx\/wp-content\/uploads\/2024\/06\/IMG-20240602-WA0037.jpg","jetpack_sharing_enabled":true,"jetpack_likes_enabled":true,"amp_enabled":true,"_links":{"self":[{"href":"https:\/\/encuentroinformativo.com.mx\/index.php?rest_route=\/wp\/v2\/posts\/55134","targetHints":{"allow":["GET"]}}],"collection":[{"href":"https:\/\/encuentroinformativo.com.mx\/index.php?rest_route=\/wp\/v2\/posts"}],"about":[{"href":"https:\/\/encuentroinformativo.com.mx\/index.php?rest_route=\/wp\/v2\/types\/post"}],"author":[{"embeddable":true,"href":"https:\/\/encuentroinformativo.com.mx\/index.php?rest_route=\/wp\/v2\/users\/2476"}],"replies":[{"embeddable":true,"href":"https:\/\/encuentroinformativo.com.mx\/index.php?rest_route=%2Fwp%2Fv2%2Fcomments&post=55134"}],"version-history":[{"count":1,"href":"https:\/\/encuentroinformativo.com.mx\/index.php?rest_route=\/wp\/v2\/posts\/55134\/revisions"}],"predecessor-version":[{"id":55136,"href":"https:\/\/encuentroinformativo.com.mx\/index.php?rest_route=\/wp\/v2\/posts\/55134\/revisions\/55136"}],"wp:featuredmedia":[{"embeddable":true,"href":"https:\/\/encuentroinformativo.com.mx\/index.php?rest_route=\/wp\/v2\/media\/55135"}],"wp:attachment":[{"href":"https:\/\/encuentroinformativo.com.mx\/index.php?rest_route=%2Fwp%2Fv2%2Fmedia&parent=55134"}],"wp:term":[{"taxonomy":"category","embeddable":true,"href":"https:\/\/encuentroinformativo.com.mx\/index.php?rest_route=%2Fwp%2Fv2%2Fcategories&post=55134"},{"taxonomy":"post_tag","embeddable":true,"href":"https:\/\/encuentroinformativo.com.mx\/index.php?rest_route=%2Fwp%2Fv2%2Ftags&post=55134"}],"curies":[{"name":"wp","href":"https:\/\/api.w.org\/{rel}","templated":true}]}}