{"id":55145,"date":"2024-06-02T13:45:17","date_gmt":"2024-06-02T19:45:17","guid":{"rendered":"https:\/\/encuentroinformativo.com.mx\/?p=55145"},"modified":"2024-06-02T13:45:24","modified_gmt":"2024-06-02T19:45:24","slug":"polo-deschamps-voto-en-alvarado-y-atendera-a-medios-tras-eleccion-en-xalapa","status":"publish","type":"post","link":"https:\/\/encuentroinformativo.com.mx\/?p=55145","title":{"rendered":"Polo Deschamps vot\u00f3 en Alvarado y atender\u00e1 a medios tras elecci\u00f3n en Xalapa"},"content":{"rendered":"\n<p><strong>Alejandro \u00c1vila<\/strong><\/p>\n\n\n\n<p>Alvarado, Ver.- Tras emitir su voto en un fraccionamiento de la localidad de Mandinga del municipio de Alvarado, el candidato a la gubernatura de Veracruz por Movimiento Ciudadano, Hipolito Deschamps Espino Barros, se dirigir\u00e1 a la ciudad de Xalapa y ser\u00e1 ah\u00ed donde est\u00e9 pendiente del transcurso de la jornada electoral, para posteriormente atender a los medios de comunicaci\u00f3n.<\/p>\n\n\n\n<p>El integrante del partido naranja se dijo sorprendido y contento por el nivel de participaci\u00f3n ciudadana en este inicio de la jornada electoral, pues adem\u00e1s de tener conocimiento de que en muchas casillas hay largas filas, tan solo en su caso, tuvo un retraso de casi media hora para poder emitir su voto debido a la gran afluencia de gente.<\/p>\n\n\n\n<p>&#8220;Vamos a ir a la ciudad de Xalapa con el equipo estatal, grandes compa\u00f1eros, la verdad es que estoy muy agradecido con ellos por todo el apoyo que he recibido desde el d\u00eda uno que empez\u00f3 este proyecto, y ah\u00ed vamos a estar muy pendientes y obviamente inform\u00e1ndoles a ustedes como siempre lo hemos hecho (\u2026) en caso de que haya pronunciamiento que seguramente lo habr\u00e1, ser\u00e1 en la ciudad de Xalapa (\u2026) vamos a esperar los resultados del Prep, que se abra, y ya en base en eso vamos a ver como se va proyectando la elecci\u00f3n, pero insisto, soy un dem\u00f3crata y vamos a darle frente a todos los se\u00f1alamientos, vamos a darle frente a todos los resultados, y vamos a platicar con ustedes los medios de comunicaci\u00f3n para platicar con los ciudadanos como debe de ser&#8221;, asest\u00f3.<\/p>\n\n\n\n<p>Polo Deschamps solicit\u00f3 a las autoridades gubernamentales y toda aquella que est\u00e9 inmiscuida en el proceso electoral, que se garantice la seguridad de los ciudadanos en el estado de Veracruz para que estos puedan ejercer su voto de manera libre y segura.<\/p>\n\n\n\n<p>&#8220;Que est\u00e9n muy al pendiente, que nos generen seguridad a todos los ciudadanos del Estado de Veracruz para que podamos ejercer nuestro voto, y obviamente que se d\u00e9 el resultado de manera correcta, lo antes posible con la mayor certeza&#8221;, culmin\u00f3.<\/p>\n","protected":false},"excerpt":{"rendered":"<p>Alejandro \u00c1vila Alvarado, Ver.- Tras emitir su voto en un fraccionamiento de la localidad de Mandinga del municipio de Alvarado, el candidato a la gubernatura de Veracruz por Movimiento Ciudadano, Hipolito Deschamps Espino Barros, se dirigir\u00e1 a la ciudad de Xalapa y ser\u00e1 ah\u00ed donde est\u00e9 pendiente del transcurso de la jornada electoral, para posteriormente [&hellip;]<\/p>\n","protected":false},"author":2476,"featured_media":55146,"comment_status":"open","ping_status":"open","sticky":false,"template":"","format":"standard","meta":{"_jetpack_memberships_contains_paid_content":false,"footnotes":""},"categories":[2],"tags":[],"class_list":["post-55145","post","type-post","status-publish","format-standard","has-post-thumbnail","hentry","category-estado"],"jetpack_featured_media_url":"https:\/\/encuentroinformativo.com.mx\/wp-content\/uploads\/2024\/06\/IMG-20240602-WA0153.jpg","jetpack_sharing_enabled":true,"jetpack_likes_enabled":true,"amp_enabled":true,"_links":{"self":[{"href":"https:\/\/encuentroinformativo.com.mx\/index.php?rest_route=\/wp\/v2\/posts\/55145","targetHints":{"allow":["GET"]}}],"collection":[{"href":"https:\/\/encuentroinformativo.com.mx\/index.php?rest_route=\/wp\/v2\/posts"}],"about":[{"href":"https:\/\/encuentroinformativo.com.mx\/index.php?rest_route=\/wp\/v2\/types\/post"}],"author":[{"embeddable":true,"href":"https:\/\/encuentroinformativo.com.mx\/index.php?rest_route=\/wp\/v2\/users\/2476"}],"replies":[{"embeddable":true,"href":"https:\/\/encuentroinformativo.com.mx\/index.php?rest_route=%2Fwp%2Fv2%2Fcomments&post=55145"}],"version-history":[{"count":1,"href":"https:\/\/encuentroinformativo.com.mx\/index.php?rest_route=\/wp\/v2\/posts\/55145\/revisions"}],"predecessor-version":[{"id":55147,"href":"https:\/\/encuentroinformativo.com.mx\/index.php?rest_route=\/wp\/v2\/posts\/55145\/revisions\/55147"}],"wp:featuredmedia":[{"embeddable":true,"href":"https:\/\/encuentroinformativo.com.mx\/index.php?rest_route=\/wp\/v2\/media\/55146"}],"wp:attachment":[{"href":"https:\/\/encuentroinformativo.com.mx\/index.php?rest_route=%2Fwp%2Fv2%2Fmedia&parent=55145"}],"wp:term":[{"taxonomy":"category","embeddable":true,"href":"https:\/\/encuentroinformativo.com.mx\/index.php?rest_route=%2Fwp%2Fv2%2Fcategories&post=55145"},{"taxonomy":"post_tag","embeddable":true,"href":"https:\/\/encuentroinformativo.com.mx\/index.php?rest_route=%2Fwp%2Fv2%2Ftags&post=55145"}],"curies":[{"name":"wp","href":"https:\/\/api.w.org\/{rel}","templated":true}]}}