{"id":55160,"date":"2024-06-02T14:03:24","date_gmt":"2024-06-02T20:03:24","guid":{"rendered":"https:\/\/encuentroinformativo.com.mx\/?p=55160"},"modified":"2024-06-02T14:03:30","modified_gmt":"2024-06-02T20:03:30","slug":"que-candidatos-acepten-resultados-pedimos-paz-arzobispo-carlos-patron","status":"publish","type":"post","link":"https:\/\/encuentroinformativo.com.mx\/?p=55160","title":{"rendered":"Que candidatos acepten resultados, pedimos paz: Arzobispo Carlos Patr\u00f3n"},"content":{"rendered":"\n<p><strong>Dar\u00edo Pale<\/strong><\/p>\n\n\n\n<p>Xalapa, Ver.- Pidi\u00f3 a los candidatos respetar la decisi\u00f3n del pueblo despu\u00e9s de las elecciones del 2 de junio, as\u00ed lo dio a conocer el Arzobispo de Xalapa, Jorge Carlos Patr\u00f3n Wong.<\/p>\n\n\n\n<p>Entrevistado antes de que emitiera su voto, record\u00f3 que los ciudadanos eligen a sus representantes para la presidencia de M\u00e9xico, el Senado, el Gobierno de Veracruz y las Diputaciones Federales y Locales.<\/p>\n\n\n\n<p>\u201cLos ciudadanos deciden, pedimos a Dios que todos los candidatos acepten los resultados, que lo que deseamos en M\u00e9xico es Paz, y en M\u00e9xico lo mejor, y en Veracruz evidentemente ser\u00e1 mejor porque va a contar en Veracruz y M\u00e9xico el pr\u00f3ximo sexenio van a contar con \u00a0la mayor\u00eda del pueblo\u201d, se\u00f1al\u00f3.<\/p>\n\n\n\n<p>El Arzobispo destac\u00f3 la importancia de aceptar los resultados y expres\u00f3 su deseo de paz para M\u00e9xico y Veracruz.\u00a0<\/p>\n\n\n\n<p>Coment\u00f3 que para este 2 de junio los veracruzanos reservaron este d\u00eda para M\u00e9xico, porque todo nuestro coraz\u00f3n y nuestras acciones son para el pa\u00eds<\/p>\n\n\n\n<p>Dijo que este domingo la eucarist\u00eda ser\u00eda por la naci\u00f3n y para que los mexicanos salgan a votar.<\/p>\n\n\n\n<p>&#8220;Vamos a votar de manera alegre, responsable, consciente y, sobre todo, totalmente secreta&#8221;, subray\u00f3.<\/p>\n\n\n\n<p>Patr\u00f3n Wong reiter\u00f3 que los fieles cat\u00f3licos reservaron este d\u00eda para cumplir con su derecho de votar.<\/p>\n\n\n\n<p>&#8220;Todos los mexicanos y veracruzanos, especialmente los cat\u00f3licos, nuestro primer deber hoy es con M\u00e9xico y estamos muy agradecidos a Dios que podamos demostrar p\u00fablicamente c\u00f3mo amamos a M\u00e9xico y a Veracruz&#8221;, mencion\u00f3.<\/p>\n\n\n\n<p>Finalmente, consider\u00f3 que la jornada electoral se llevar\u00e1 a cabo en paz porque los mexicanos somos pac\u00edficos, en la gran mayor\u00eda<\/p>\n","protected":false},"excerpt":{"rendered":"<p>Dar\u00edo Pale Xalapa, Ver.- Pidi\u00f3 a los candidatos respetar la decisi\u00f3n del pueblo despu\u00e9s de las elecciones del 2 de junio, as\u00ed lo dio a conocer el Arzobispo de Xalapa, Jorge Carlos Patr\u00f3n Wong. Entrevistado antes de que emitiera su voto, record\u00f3 que los ciudadanos eligen a sus representantes para la presidencia de M\u00e9xico, el [&hellip;]<\/p>\n","protected":false},"author":2476,"featured_media":55161,"comment_status":"open","ping_status":"open","sticky":false,"template":"","format":"standard","meta":{"_jetpack_memberships_contains_paid_content":false,"footnotes":""},"categories":[3],"tags":[],"class_list":["post-55160","post","type-post","status-publish","format-standard","has-post-thumbnail","hentry","category-xalapa"],"jetpack_featured_media_url":"https:\/\/encuentroinformativo.com.mx\/wp-content\/uploads\/2024\/06\/IMG-20240602-WA0164.jpg","jetpack_sharing_enabled":true,"jetpack_likes_enabled":true,"amp_enabled":true,"_links":{"self":[{"href":"https:\/\/encuentroinformativo.com.mx\/index.php?rest_route=\/wp\/v2\/posts\/55160","targetHints":{"allow":["GET"]}}],"collection":[{"href":"https:\/\/encuentroinformativo.com.mx\/index.php?rest_route=\/wp\/v2\/posts"}],"about":[{"href":"https:\/\/encuentroinformativo.com.mx\/index.php?rest_route=\/wp\/v2\/types\/post"}],"author":[{"embeddable":true,"href":"https:\/\/encuentroinformativo.com.mx\/index.php?rest_route=\/wp\/v2\/users\/2476"}],"replies":[{"embeddable":true,"href":"https:\/\/encuentroinformativo.com.mx\/index.php?rest_route=%2Fwp%2Fv2%2Fcomments&post=55160"}],"version-history":[{"count":1,"href":"https:\/\/encuentroinformativo.com.mx\/index.php?rest_route=\/wp\/v2\/posts\/55160\/revisions"}],"predecessor-version":[{"id":55162,"href":"https:\/\/encuentroinformativo.com.mx\/index.php?rest_route=\/wp\/v2\/posts\/55160\/revisions\/55162"}],"wp:featuredmedia":[{"embeddable":true,"href":"https:\/\/encuentroinformativo.com.mx\/index.php?rest_route=\/wp\/v2\/media\/55161"}],"wp:attachment":[{"href":"https:\/\/encuentroinformativo.com.mx\/index.php?rest_route=%2Fwp%2Fv2%2Fmedia&parent=55160"}],"wp:term":[{"taxonomy":"category","embeddable":true,"href":"https:\/\/encuentroinformativo.com.mx\/index.php?rest_route=%2Fwp%2Fv2%2Fcategories&post=55160"},{"taxonomy":"post_tag","embeddable":true,"href":"https:\/\/encuentroinformativo.com.mx\/index.php?rest_route=%2Fwp%2Fv2%2Ftags&post=55160"}],"curies":[{"name":"wp","href":"https:\/\/api.w.org\/{rel}","templated":true}]}}