{"id":55166,"date":"2024-06-02T14:12:28","date_gmt":"2024-06-02T20:12:28","guid":{"rendered":"https:\/\/encuentroinformativo.com.mx\/?p=55166"},"modified":"2024-06-02T14:12:34","modified_gmt":"2024-06-02T20:12:34","slug":"pepe-yunes-emite-su-voto-en-perote","status":"publish","type":"post","link":"https:\/\/encuentroinformativo.com.mx\/?p=55166","title":{"rendered":"Pepe Yunes emite su voto en Perote"},"content":{"rendered":"\n<p><strong>*Exhorta a las y los ciudadanos a emitir su derecho en completa liberad.<\/strong><\/p>\n\n\n\n<p>Perote, Ver.- En compa\u00f1\u00eda de su familia, Pepe Yunes emiti\u00f3 su voto esta ma\u00f1ana en la casilla correspondiente a la secci\u00f3n 3038 de Perote.<\/p>\n\n\n\n<p>A su llegada, en entrevista con medios de comunicaci\u00f3n, exhort\u00f3 a las y los ciudadanos a salir y participar en el proceso electivo de este domingo.<\/p>\n\n\n\n<p>&#8220;Hay que invitar a la gente a que salga a votar por quienes determinen y que puedan, con su voto, honrar el sacrificio, el trabajo, la historia de quienes han luchado por que M\u00e9xico tenga normalidad democr\u00e1tica.<\/p>\n\n\n\n<p>De igual manera, inform\u00f3 que se cuenta ya con una cobertura total de representaci\u00f3n en las casillas instaladas en todo el estado. &#8220;Una jornada que inicia bien para nosotros en funci\u00f3n de la representaci\u00f3n, pr\u00e1cticamente cobertura total en las m\u00e1s de 11 mil casillas&#8221;, dijo.<\/p>\n\n\n\n<p>Se espera que esta jornada democr\u00e1tica cuente con una amplia participaci\u00f3n ciudadana pues, desde temprana hora, se observa a ciudadanos formados y listos para emitir su voto.<\/p>\n\n\n\n<p>Mismo caso ha sucedido en las casillas especiales instaladas en diferentes puntos de Veracruz, en donde las filas eran ya extensas incluso antes de la apertura de las casillas.<\/p>\n","protected":false},"excerpt":{"rendered":"<p>*Exhorta a las y los ciudadanos a emitir su derecho en completa liberad. Perote, Ver.- En compa\u00f1\u00eda de su familia, Pepe Yunes emiti\u00f3 su voto esta ma\u00f1ana en la casilla correspondiente a la secci\u00f3n 3038 de Perote. A su llegada, en entrevista con medios de comunicaci\u00f3n, exhort\u00f3 a las y los ciudadanos a salir y [&hellip;]<\/p>\n","protected":false},"author":2476,"featured_media":55167,"comment_status":"open","ping_status":"open","sticky":false,"template":"","format":"standard","meta":{"_jetpack_memberships_contains_paid_content":false,"footnotes":""},"categories":[2],"tags":[],"class_list":["post-55166","post","type-post","status-publish","format-standard","has-post-thumbnail","hentry","category-estado"],"jetpack_featured_media_url":"https:\/\/encuentroinformativo.com.mx\/wp-content\/uploads\/2024\/06\/IMG-20240602-WA00992.jpg","jetpack_sharing_enabled":true,"jetpack_likes_enabled":true,"amp_enabled":true,"_links":{"self":[{"href":"https:\/\/encuentroinformativo.com.mx\/index.php?rest_route=\/wp\/v2\/posts\/55166","targetHints":{"allow":["GET"]}}],"collection":[{"href":"https:\/\/encuentroinformativo.com.mx\/index.php?rest_route=\/wp\/v2\/posts"}],"about":[{"href":"https:\/\/encuentroinformativo.com.mx\/index.php?rest_route=\/wp\/v2\/types\/post"}],"author":[{"embeddable":true,"href":"https:\/\/encuentroinformativo.com.mx\/index.php?rest_route=\/wp\/v2\/users\/2476"}],"replies":[{"embeddable":true,"href":"https:\/\/encuentroinformativo.com.mx\/index.php?rest_route=%2Fwp%2Fv2%2Fcomments&post=55166"}],"version-history":[{"count":1,"href":"https:\/\/encuentroinformativo.com.mx\/index.php?rest_route=\/wp\/v2\/posts\/55166\/revisions"}],"predecessor-version":[{"id":55168,"href":"https:\/\/encuentroinformativo.com.mx\/index.php?rest_route=\/wp\/v2\/posts\/55166\/revisions\/55168"}],"wp:featuredmedia":[{"embeddable":true,"href":"https:\/\/encuentroinformativo.com.mx\/index.php?rest_route=\/wp\/v2\/media\/55167"}],"wp:attachment":[{"href":"https:\/\/encuentroinformativo.com.mx\/index.php?rest_route=%2Fwp%2Fv2%2Fmedia&parent=55166"}],"wp:term":[{"taxonomy":"category","embeddable":true,"href":"https:\/\/encuentroinformativo.com.mx\/index.php?rest_route=%2Fwp%2Fv2%2Fcategories&post=55166"},{"taxonomy":"post_tag","embeddable":true,"href":"https:\/\/encuentroinformativo.com.mx\/index.php?rest_route=%2Fwp%2Fv2%2Ftags&post=55166"}],"curies":[{"name":"wp","href":"https:\/\/api.w.org\/{rel}","templated":true}]}}