{"id":55169,"date":"2024-06-02T15:17:30","date_gmt":"2024-06-02T21:17:30","guid":{"rendered":"https:\/\/encuentroinformativo.com.mx\/?p=55169"},"modified":"2024-06-02T15:17:39","modified_gmt":"2024-06-02T21:17:39","slug":"pese-a-retrasos-en-apertura-de-casillas-hay-mucha-participacion-ciudadana-vero-pulido","status":"publish","type":"post","link":"https:\/\/encuentroinformativo.com.mx\/?p=55169","title":{"rendered":"Pese a retrasos en apertura de casillas hay mucha participaci\u00f3n ciudadana: Vero Pulido"},"content":{"rendered":"\n<p><strong>Alejandro \u00c1vila<\/strong><\/p>\n\n\n\n<p>Veracruz, Ver.- La candidata a Diputada Federal por el Distrito 12, Ver\u00f3nica Pulido Herrera, mencion\u00f3 que a pesar del retraso en la instalaci\u00f3n de casillas en diversos puntos del municipio de Veracruz, la participaci\u00f3n ciudadana ha sido vasta y se espera una gran jornada electoral.<\/p>\n\n\n\n<p>La candidata de la alianza &#8220;Fuerza y Coraz\u00f3n por M\u00e9xico&#8221; emiti\u00f3 su sufragio en el jard\u00edn de ni\u00f1os &#8220;Sixtita Bello&#8221; del DIF, mismo que se ubica en la calle Hern\u00e1n Cort\u00e9s entre Netzahualc\u00f3yotl y Allende de la colonia Centro.<\/p>\n\n\n\n<p>&#8220;Tuvimos que esperar mucho rato, muchos funcionarios de casilla no llegaron, y en lo que se organizaban y que otros ciudadanos decidieran participar, lo importante es que a pesar del retraso, los ciudadanos en filas y en varias casillas estuvieron ah\u00ed esperando para poder emitir su voto, creo que es un d\u00eda de mucha participaci\u00f3n ciudadana, donde marca el inter\u00e9s por este d\u00eda democr\u00e1tico&#8221;, expres\u00f3.<\/p>\n\n\n\n<p>Finalmente, la panista mencion\u00f3 que espera la jornada electoral contin\u00fae com tranquilidad, para que los ciudadanos puedan acudir a las urnas a decidir sobre sus pr\u00f3ximos funcionarios p\u00fablicos.<\/p>\n","protected":false},"excerpt":{"rendered":"<p>Alejandro \u00c1vila Veracruz, Ver.- La candidata a Diputada Federal por el Distrito 12, Ver\u00f3nica Pulido Herrera, mencion\u00f3 que a pesar del retraso en la instalaci\u00f3n de casillas en diversos puntos del municipio de Veracruz, la participaci\u00f3n ciudadana ha sido vasta y se espera una gran jornada electoral. La candidata de la alianza &#8220;Fuerza y Coraz\u00f3n [&hellip;]<\/p>\n","protected":false},"author":2476,"featured_media":55170,"comment_status":"open","ping_status":"open","sticky":false,"template":"","format":"standard","meta":{"_jetpack_memberships_contains_paid_content":false,"footnotes":""},"categories":[2],"tags":[],"class_list":["post-55169","post","type-post","status-publish","format-standard","has-post-thumbnail","hentry","category-estado"],"jetpack_featured_media_url":"https:\/\/encuentroinformativo.com.mx\/wp-content\/uploads\/2024\/06\/IMG-20240602-WA02162.jpg","jetpack_sharing_enabled":true,"jetpack_likes_enabled":true,"amp_enabled":true,"_links":{"self":[{"href":"https:\/\/encuentroinformativo.com.mx\/index.php?rest_route=\/wp\/v2\/posts\/55169","targetHints":{"allow":["GET"]}}],"collection":[{"href":"https:\/\/encuentroinformativo.com.mx\/index.php?rest_route=\/wp\/v2\/posts"}],"about":[{"href":"https:\/\/encuentroinformativo.com.mx\/index.php?rest_route=\/wp\/v2\/types\/post"}],"author":[{"embeddable":true,"href":"https:\/\/encuentroinformativo.com.mx\/index.php?rest_route=\/wp\/v2\/users\/2476"}],"replies":[{"embeddable":true,"href":"https:\/\/encuentroinformativo.com.mx\/index.php?rest_route=%2Fwp%2Fv2%2Fcomments&post=55169"}],"version-history":[{"count":1,"href":"https:\/\/encuentroinformativo.com.mx\/index.php?rest_route=\/wp\/v2\/posts\/55169\/revisions"}],"predecessor-version":[{"id":55171,"href":"https:\/\/encuentroinformativo.com.mx\/index.php?rest_route=\/wp\/v2\/posts\/55169\/revisions\/55171"}],"wp:featuredmedia":[{"embeddable":true,"href":"https:\/\/encuentroinformativo.com.mx\/index.php?rest_route=\/wp\/v2\/media\/55170"}],"wp:attachment":[{"href":"https:\/\/encuentroinformativo.com.mx\/index.php?rest_route=%2Fwp%2Fv2%2Fmedia&parent=55169"}],"wp:term":[{"taxonomy":"category","embeddable":true,"href":"https:\/\/encuentroinformativo.com.mx\/index.php?rest_route=%2Fwp%2Fv2%2Fcategories&post=55169"},{"taxonomy":"post_tag","embeddable":true,"href":"https:\/\/encuentroinformativo.com.mx\/index.php?rest_route=%2Fwp%2Fv2%2Ftags&post=55169"}],"curies":[{"name":"wp","href":"https:\/\/api.w.org\/{rel}","templated":true}]}}