{"id":55181,"date":"2024-06-02T15:54:38","date_gmt":"2024-06-02T21:54:38","guid":{"rendered":"https:\/\/encuentroinformativo.com.mx\/?p=55181"},"modified":"2024-06-02T15:54:44","modified_gmt":"2024-06-02T21:54:44","slug":"con-abucheos-reciben-a-nahle-en-casilla-electoral","status":"publish","type":"post","link":"https:\/\/encuentroinformativo.com.mx\/?p=55181","title":{"rendered":"Con abucheos, reciben a Nahle en casilla electoral"},"content":{"rendered":"\n<p><strong>Juan Arcos <\/strong><\/p>\n\n\n\n<p>Xalapa, Ver.- La candidata a la gubertura de Veracruz, Roc\u00edo Nahle Garc\u00eda, fue abucheada por ciudadanos en la casilla donde acudi\u00f3 a votar este domingo 2 de junio. La gente grit\u00f3 a la abanderada de la coalici\u00f3n \u201cSigamos haciendo historia\u201d que se formara, como las dem\u00e1s personas, para sufragar.<\/p>\n\n\n\n<p>Esto ocurri\u00f3 en la casilla 777, ubicada en la calle Francisco I. Madero, n\u00famero 1313, en la colonia Mar\u00eda de la Piedad del municipio de Coatzacoalcos, donde le llovieron reclamos a la candidata del Movimiento de Regeneraci\u00f3n Nacional (Morena), Partido del Trabajo (PT), Partido Verde Ecologista de M\u00e9xico (PVEM) y Fuerza por M\u00e9xico en Veracruz.<\/p>\n\n\n\n<p>La aspirante iba acompa\u00f1ada de su esposo Jos\u00e9 Luis Pe\u00f1a Pe\u00f1a y sus hijas, Roc\u00edo y Tania, cuando fue encarada por unas personas que hac\u00edan fila para emitir su voto.<\/p>\n\n\n\n<p>\u201cA formarse, a formarse, a la cola, a la cola, haz cola, haz cola. A la fila, a la fila\u201d, le increparon ciudadanas y ciudadanos durante la ma\u00f1ana de este domingo.<\/p>\n\n\n\n<p>En breve entrevista, Roc\u00edo Nahle Garc\u00eda indic\u00f3 que se trasladar\u00eda a la ciudad de Xalapa, en espera de los resultados del Programa de Resultados Electorales Preliminares (PREP).<\/p>\n\n\n\n<p>Adem\u00e1s, adelant\u00f3 que festejar\u00eda el triunfo en la capital de Veracruz, sobre Plaza Sebasti\u00e1n Lerdo de Tejada, frente a Palacio de Gobierno, durante la noche de este domingo, despu\u00e9s de conocer la tendencia electoral.<\/p>\n\n\n\n<figure class=\"wp-block-image size-large\"><img loading=\"lazy\" decoding=\"async\" width=\"875\" height=\"1024\" src=\"https:\/\/encuentroinformativo.com.mx\/wp-content\/uploads\/2024\/06\/IMG_8034-875x1024.jpg\" alt=\"\" class=\"wp-image-55183\" srcset=\"https:\/\/encuentroinformativo.com.mx\/wp-content\/uploads\/2024\/06\/IMG_8034-875x1024.jpg 875w, https:\/\/encuentroinformativo.com.mx\/wp-content\/uploads\/2024\/06\/IMG_8034-256x300.jpg 256w, https:\/\/encuentroinformativo.com.mx\/wp-content\/uploads\/2024\/06\/IMG_8034-768x899.jpg 768w, https:\/\/encuentroinformativo.com.mx\/wp-content\/uploads\/2024\/06\/IMG_8034.jpg 1094w\" sizes=\"auto, (max-width: 875px) 100vw, 875px\" \/><\/figure>\n","protected":false},"excerpt":{"rendered":"<p>Juan Arcos Xalapa, Ver.- La candidata a la gubertura de Veracruz, Roc\u00edo Nahle Garc\u00eda, fue abucheada por ciudadanos en la casilla donde acudi\u00f3 a votar este domingo 2 de junio. La gente grit\u00f3 a la abanderada de la coalici\u00f3n \u201cSigamos haciendo historia\u201d que se formara, como las dem\u00e1s personas, para sufragar. Esto ocurri\u00f3 en la [&hellip;]<\/p>\n","protected":false},"author":2476,"featured_media":55182,"comment_status":"open","ping_status":"open","sticky":false,"template":"","format":"standard","meta":{"_jetpack_memberships_contains_paid_content":false,"footnotes":""},"categories":[2],"tags":[],"class_list":["post-55181","post","type-post","status-publish","format-standard","has-post-thumbnail","hentry","category-estado"],"jetpack_featured_media_url":"https:\/\/encuentroinformativo.com.mx\/wp-content\/uploads\/2024\/06\/IMG_8035.jpg","jetpack_sharing_enabled":true,"jetpack_likes_enabled":true,"amp_enabled":true,"_links":{"self":[{"href":"https:\/\/encuentroinformativo.com.mx\/index.php?rest_route=\/wp\/v2\/posts\/55181","targetHints":{"allow":["GET"]}}],"collection":[{"href":"https:\/\/encuentroinformativo.com.mx\/index.php?rest_route=\/wp\/v2\/posts"}],"about":[{"href":"https:\/\/encuentroinformativo.com.mx\/index.php?rest_route=\/wp\/v2\/types\/post"}],"author":[{"embeddable":true,"href":"https:\/\/encuentroinformativo.com.mx\/index.php?rest_route=\/wp\/v2\/users\/2476"}],"replies":[{"embeddable":true,"href":"https:\/\/encuentroinformativo.com.mx\/index.php?rest_route=%2Fwp%2Fv2%2Fcomments&post=55181"}],"version-history":[{"count":1,"href":"https:\/\/encuentroinformativo.com.mx\/index.php?rest_route=\/wp\/v2\/posts\/55181\/revisions"}],"predecessor-version":[{"id":55184,"href":"https:\/\/encuentroinformativo.com.mx\/index.php?rest_route=\/wp\/v2\/posts\/55181\/revisions\/55184"}],"wp:featuredmedia":[{"embeddable":true,"href":"https:\/\/encuentroinformativo.com.mx\/index.php?rest_route=\/wp\/v2\/media\/55182"}],"wp:attachment":[{"href":"https:\/\/encuentroinformativo.com.mx\/index.php?rest_route=%2Fwp%2Fv2%2Fmedia&parent=55181"}],"wp:term":[{"taxonomy":"category","embeddable":true,"href":"https:\/\/encuentroinformativo.com.mx\/index.php?rest_route=%2Fwp%2Fv2%2Fcategories&post=55181"},{"taxonomy":"post_tag","embeddable":true,"href":"https:\/\/encuentroinformativo.com.mx\/index.php?rest_route=%2Fwp%2Fv2%2Ftags&post=55181"}],"curies":[{"name":"wp","href":"https:\/\/api.w.org\/{rel}","templated":true}]}}