{"id":55213,"date":"2024-06-02T19:50:23","date_gmt":"2024-06-03T01:50:23","guid":{"rendered":"https:\/\/encuentroinformativo.com.mx\/?p=55213"},"modified":"2024-06-02T19:50:29","modified_gmt":"2024-06-03T01:50:29","slug":"ople-veracruz-agradece-a-la-ciudadania-su-importante-participacion-en-la-jornada-electoral-del-2-de-junio","status":"publish","type":"post","link":"https:\/\/encuentroinformativo.com.mx\/?p=55213","title":{"rendered":"OPLE Veracruz agradece a la ciudadan\u00eda su importante participaci\u00f3n en la Jornada Electoral del 2 de junio"},"content":{"rendered":"\n<p><strong>* Cierran casillas a las 18:00 horas para empezar el conteo de votos, como marca la ley.<\/strong><\/p>\n\n\n\n<p>Xalapa, Ver.- En el marco del Proceso Electoral Local Ordinario 2023-2024, el Organismo P\u00fablico Local Electoral del Estado de Veracruz (OPLE Veracruz) destac\u00f3 la numerosa participaci\u00f3n de la ciudadan\u00eda veracruzana en la Jornada Electoral del 2 de junio.<\/p>\n\n\n\n<p>Durante la Sesi\u00f3n Permanente de Vigilancia de la Jornada Electoral del Consejo General del OPLE Veracruz, la Consejera Presidenta del Organismo, Marisol Alicia Delgadillo Morales agradeci\u00f3 a la ciudadan\u00eda veracruzana por su copiosa participaci\u00f3n y a los partidos pol\u00edticos por su civilidad durante la jornada comicial y en el cierre de las casillas.<\/p>\n\n\n\n<p>\u201cHacer un llamado a que se respete tambi\u00e9n la oportunidad de los resultados de esta Jornada Electoral, esperemos los comunicados oficiales de estos resultados, llamar a la ciudadan\u00eda a que est\u00e9 atenta a los medios oficiales y difusores debidamente acreditados del Programa de Resultados Electorales Preliminares; evitar la desinformaci\u00f3n y esperar que sean las autoridades electorales, quienes nos pronunciemos en su oportunidad para dar resultados oficiales\u201d, resalt\u00f3.<\/p>\n\n\n\n<p>De igual forma, explic\u00f3 que el d\u00eda de hoy se dar\u00e1 a conocer la tendencia que arroje el Conteo R\u00e1pido y dar\u00e1 inicio el Programa de Resultados Electorales Preliminares; adem\u00e1s, los c\u00f3mputos, que emiten los resultados oficiales, empezar\u00e1n el pr\u00f3ximo mi\u00e9rcoles 5 de junio.<\/p>\n\n\n\n<p>En el mismo tenor, la Consejera Electoral, Mar\u00eda de Lourdes Fern\u00e1ndez Mart\u00ednez mencion\u00f3 que por parte del OPLE Veracruz se brind\u00f3 a la ciudadan\u00eda las herramientas para la emisi\u00f3n de un voto informado, por lo que el Organismo ha hecho su parte y la ciudadan\u00eda veracruzana ha demostrado su inter\u00e9s en participar.<\/p>\n\n\n\n<p>Por \u00faltimo, el OPLE Veracruz agradeci\u00f3 a la ciudadan\u00eda veracruzana que sali\u00f3 a las urnas para hacer valer su derecho al voto y reiter\u00f3 el compromiso primordial de que cada voto cuente y cuente bien.<\/p>\n","protected":false},"excerpt":{"rendered":"<p>* Cierran casillas a las 18:00 horas para empezar el conteo de votos, como marca la ley. Xalapa, Ver.- En el marco del Proceso Electoral Local Ordinario 2023-2024, el Organismo P\u00fablico Local Electoral del Estado de Veracruz (OPLE Veracruz) destac\u00f3 la numerosa participaci\u00f3n de la ciudadan\u00eda veracruzana en la Jornada Electoral del 2 de junio. [&hellip;]<\/p>\n","protected":false},"author":2476,"featured_media":55214,"comment_status":"open","ping_status":"open","sticky":false,"template":"","format":"standard","meta":{"_jetpack_memberships_contains_paid_content":false,"footnotes":""},"categories":[2],"tags":[],"class_list":["post-55213","post","type-post","status-publish","format-standard","has-post-thumbnail","hentry","category-estado"],"jetpack_featured_media_url":"https:\/\/encuentroinformativo.com.mx\/wp-content\/uploads\/2024\/06\/IMG-20240602-WA0282.jpg","jetpack_sharing_enabled":true,"jetpack_likes_enabled":true,"amp_enabled":true,"_links":{"self":[{"href":"https:\/\/encuentroinformativo.com.mx\/index.php?rest_route=\/wp\/v2\/posts\/55213","targetHints":{"allow":["GET"]}}],"collection":[{"href":"https:\/\/encuentroinformativo.com.mx\/index.php?rest_route=\/wp\/v2\/posts"}],"about":[{"href":"https:\/\/encuentroinformativo.com.mx\/index.php?rest_route=\/wp\/v2\/types\/post"}],"author":[{"embeddable":true,"href":"https:\/\/encuentroinformativo.com.mx\/index.php?rest_route=\/wp\/v2\/users\/2476"}],"replies":[{"embeddable":true,"href":"https:\/\/encuentroinformativo.com.mx\/index.php?rest_route=%2Fwp%2Fv2%2Fcomments&post=55213"}],"version-history":[{"count":1,"href":"https:\/\/encuentroinformativo.com.mx\/index.php?rest_route=\/wp\/v2\/posts\/55213\/revisions"}],"predecessor-version":[{"id":55215,"href":"https:\/\/encuentroinformativo.com.mx\/index.php?rest_route=\/wp\/v2\/posts\/55213\/revisions\/55215"}],"wp:featuredmedia":[{"embeddable":true,"href":"https:\/\/encuentroinformativo.com.mx\/index.php?rest_route=\/wp\/v2\/media\/55214"}],"wp:attachment":[{"href":"https:\/\/encuentroinformativo.com.mx\/index.php?rest_route=%2Fwp%2Fv2%2Fmedia&parent=55213"}],"wp:term":[{"taxonomy":"category","embeddable":true,"href":"https:\/\/encuentroinformativo.com.mx\/index.php?rest_route=%2Fwp%2Fv2%2Fcategories&post=55213"},{"taxonomy":"post_tag","embeddable":true,"href":"https:\/\/encuentroinformativo.com.mx\/index.php?rest_route=%2Fwp%2Fv2%2Ftags&post=55213"}],"curies":[{"name":"wp","href":"https:\/\/api.w.org\/{rel}","templated":true}]}}