{"id":55219,"date":"2024-06-02T21:20:24","date_gmt":"2024-06-03T03:20:24","guid":{"rendered":"https:\/\/encuentroinformativo.com.mx\/?p=55219"},"modified":"2024-06-02T21:20:33","modified_gmt":"2024-06-03T03:20:33","slug":"se-reporta-saldo-blanco-en-jornada-electoral-ine-veracruz","status":"publish","type":"post","link":"https:\/\/encuentroinformativo.com.mx\/?p=55219","title":{"rendered":"Se reporta saldo blanco en jornada electoral: INE Veracruz"},"content":{"rendered":"\n<p><strong>Dar\u00edo Pale <\/strong><\/p>\n\n\n\n<p>Xalapa, Ver.- De forma preliminar inform\u00f3 que hubo saldo blanco tras la votaci\u00f3n de este domingo 2 de junio, toda vez que no hubo incidentes graves, as\u00ed lo dio a conocer el vocal ejecutivo del Consejo Local del INE en Veracruz, Josu\u00e9 Cervantes Mart\u00ednez.<\/p>\n\n\n\n<p>En entrevista, lament\u00f3 que la elecci\u00f3n fuera suspendida en cinco casillas de Tlilapan, mismas que pertenec\u00edan al Distrito 18 con cabecera en el municipio de Zongolica, en la regi\u00f3n de Las Altas Monta\u00f1as.<\/p>\n\n\n\n<p>Record\u00f3 que las urnas con boletas de votaci\u00f3n fueron tomadas por ciudadanos que expresaron su inconformidad por la desatenci\u00f3n de las autoridades hacia un incendio que se registra en la regi\u00f3n desde hace unos d\u00edas.<\/p>\n\n\n\n<p>Josu\u00e9 Cervantes mencion\u00f3 que a\u00fan no hay certeza sobre el estado de las boletas, adem\u00e1s de que tampoco han sido identificadas las personas que las tienen.<\/p>\n\n\n\n<p>Aunque mencion\u00f3 que eventualmente, en caso de ser recuperadas las urnas, podr\u00eda haber un proceso de escrutinio y c\u00f3mputo, o incluso podr\u00eda llevarse a cabo un recuento.<\/p>\n\n\n\n<p>Finalmente el vocal ejecutivo reiter\u00f3 que el INE tiene la obligaci\u00f3n hasta el \u00faltimo momento de salvaguardar la voluntad popular.<\/p>\n","protected":false},"excerpt":{"rendered":"<p>Dar\u00edo Pale Xalapa, Ver.- De forma preliminar inform\u00f3 que hubo saldo blanco tras la votaci\u00f3n de este domingo 2 de junio, toda vez que no hubo incidentes graves, as\u00ed lo dio a conocer el vocal ejecutivo del Consejo Local del INE en Veracruz, Josu\u00e9 Cervantes Mart\u00ednez. En entrevista, lament\u00f3 que la elecci\u00f3n fuera suspendida en [&hellip;]<\/p>\n","protected":false},"author":2476,"featured_media":55220,"comment_status":"open","ping_status":"open","sticky":false,"template":"","format":"standard","meta":{"_jetpack_memberships_contains_paid_content":false,"footnotes":""},"categories":[2],"tags":[],"class_list":["post-55219","post","type-post","status-publish","format-standard","has-post-thumbnail","hentry","category-estado"],"jetpack_featured_media_url":"https:\/\/encuentroinformativo.com.mx\/wp-content\/uploads\/2024\/06\/IMG-20240602-WA0283.jpg","jetpack_sharing_enabled":true,"jetpack_likes_enabled":true,"amp_enabled":true,"_links":{"self":[{"href":"https:\/\/encuentroinformativo.com.mx\/index.php?rest_route=\/wp\/v2\/posts\/55219","targetHints":{"allow":["GET"]}}],"collection":[{"href":"https:\/\/encuentroinformativo.com.mx\/index.php?rest_route=\/wp\/v2\/posts"}],"about":[{"href":"https:\/\/encuentroinformativo.com.mx\/index.php?rest_route=\/wp\/v2\/types\/post"}],"author":[{"embeddable":true,"href":"https:\/\/encuentroinformativo.com.mx\/index.php?rest_route=\/wp\/v2\/users\/2476"}],"replies":[{"embeddable":true,"href":"https:\/\/encuentroinformativo.com.mx\/index.php?rest_route=%2Fwp%2Fv2%2Fcomments&post=55219"}],"version-history":[{"count":1,"href":"https:\/\/encuentroinformativo.com.mx\/index.php?rest_route=\/wp\/v2\/posts\/55219\/revisions"}],"predecessor-version":[{"id":55221,"href":"https:\/\/encuentroinformativo.com.mx\/index.php?rest_route=\/wp\/v2\/posts\/55219\/revisions\/55221"}],"wp:featuredmedia":[{"embeddable":true,"href":"https:\/\/encuentroinformativo.com.mx\/index.php?rest_route=\/wp\/v2\/media\/55220"}],"wp:attachment":[{"href":"https:\/\/encuentroinformativo.com.mx\/index.php?rest_route=%2Fwp%2Fv2%2Fmedia&parent=55219"}],"wp:term":[{"taxonomy":"category","embeddable":true,"href":"https:\/\/encuentroinformativo.com.mx\/index.php?rest_route=%2Fwp%2Fv2%2Fcategories&post=55219"},{"taxonomy":"post_tag","embeddable":true,"href":"https:\/\/encuentroinformativo.com.mx\/index.php?rest_route=%2Fwp%2Fv2%2Ftags&post=55219"}],"curies":[{"name":"wp","href":"https:\/\/api.w.org\/{rel}","templated":true}]}}