{"id":55228,"date":"2024-06-02T22:11:22","date_gmt":"2024-06-03T04:11:22","guid":{"rendered":"https:\/\/encuentroinformativo.com.mx\/?p=55228"},"modified":"2024-06-02T22:11:27","modified_gmt":"2024-06-03T04:11:27","slug":"menor-de-edad-queda-prensada-en-accidente-en-anton-lizardo","status":"publish","type":"post","link":"https:\/\/encuentroinformativo.com.mx\/?p=55228","title":{"rendered":"Menor de edad queda prensada en accidente en Ant\u00f3n Lizardo"},"content":{"rendered":"\n<p><strong>Alejandro \u00c1vila<\/strong><\/p>\n\n\n\n<p>Alvarado, Ver.- Una menor de edad qued\u00f3 prensada en un autom\u00f3vil tras un fuerte accidente suscitado la noche de este domingo en la carretera Ant\u00f3n Lizardo &#8211; Boca del R\u00edo.<\/p>\n\n\n\n<p>Los ocurrieron alrededor de las 8:30 de la noche, cuando el conductor de un veh\u00edculo Nissan tipo Sentra color blanco, impact\u00f3 por alcance a un autom\u00f3vil Hyundai color blanco, metros adelante del fraccionamiento Real Mandinga, con direcci\u00f3n hacia el municipio de Boca del R\u00edo.<\/p>\n\n\n\n<p>Los param\u00e9dicos del grupo de apoyo &#8220;Amigos de Josu&#8221; acudieron como primeros respondientes, posteriormente lleg\u00f3 una unidad de Bomberos Conurbados para abrir el veh\u00edculo con una prensa y poder sacar a la menor de edad que se encontraba atorada en el autom\u00f3vil.<\/p>\n\n\n\n<p>La joven de aproximadamente 16 a\u00f1os de edad present\u00f3 fractura de f\u00e9mur, y fue trasladada junto con sus familiares, otra peque\u00f1a de 6 a\u00f1os de edad, y 2 adultos, aparentemente sus t\u00edos, al Hospital Regional de Boca del R\u00edo, donde estar\u00e1n siendo atendidos hasta ser dados de alta.<\/p>\n\n\n\n<p>El conductor que presuntamente habr\u00eda provocado el accidente fue detenido por elementos de la Polic\u00eda Municipal, y se espera que se haga responsable de todos los da\u00f1os materiales y m\u00e9dicos que gener\u00f3 su imprudencia.<\/p>\n","protected":false},"excerpt":{"rendered":"<p>Alejandro \u00c1vila Alvarado, Ver.- Una menor de edad qued\u00f3 prensada en un autom\u00f3vil tras un fuerte accidente suscitado la noche de este domingo en la carretera Ant\u00f3n Lizardo &#8211; Boca del R\u00edo. Los ocurrieron alrededor de las 8:30 de la noche, cuando el conductor de un veh\u00edculo Nissan tipo Sentra color blanco, impact\u00f3 por alcance [&hellip;]<\/p>\n","protected":false},"author":2476,"featured_media":55229,"comment_status":"open","ping_status":"open","sticky":false,"template":"","format":"standard","meta":{"_jetpack_memberships_contains_paid_content":false,"footnotes":""},"categories":[2],"tags":[],"class_list":["post-55228","post","type-post","status-publish","format-standard","has-post-thumbnail","hentry","category-estado"],"jetpack_featured_media_url":"https:\/\/encuentroinformativo.com.mx\/wp-content\/uploads\/2024\/06\/IMG-20240602-WA0312.jpg","jetpack_sharing_enabled":true,"jetpack_likes_enabled":true,"amp_enabled":true,"_links":{"self":[{"href":"https:\/\/encuentroinformativo.com.mx\/index.php?rest_route=\/wp\/v2\/posts\/55228","targetHints":{"allow":["GET"]}}],"collection":[{"href":"https:\/\/encuentroinformativo.com.mx\/index.php?rest_route=\/wp\/v2\/posts"}],"about":[{"href":"https:\/\/encuentroinformativo.com.mx\/index.php?rest_route=\/wp\/v2\/types\/post"}],"author":[{"embeddable":true,"href":"https:\/\/encuentroinformativo.com.mx\/index.php?rest_route=\/wp\/v2\/users\/2476"}],"replies":[{"embeddable":true,"href":"https:\/\/encuentroinformativo.com.mx\/index.php?rest_route=%2Fwp%2Fv2%2Fcomments&post=55228"}],"version-history":[{"count":1,"href":"https:\/\/encuentroinformativo.com.mx\/index.php?rest_route=\/wp\/v2\/posts\/55228\/revisions"}],"predecessor-version":[{"id":55230,"href":"https:\/\/encuentroinformativo.com.mx\/index.php?rest_route=\/wp\/v2\/posts\/55228\/revisions\/55230"}],"wp:featuredmedia":[{"embeddable":true,"href":"https:\/\/encuentroinformativo.com.mx\/index.php?rest_route=\/wp\/v2\/media\/55229"}],"wp:attachment":[{"href":"https:\/\/encuentroinformativo.com.mx\/index.php?rest_route=%2Fwp%2Fv2%2Fmedia&parent=55228"}],"wp:term":[{"taxonomy":"category","embeddable":true,"href":"https:\/\/encuentroinformativo.com.mx\/index.php?rest_route=%2Fwp%2Fv2%2Fcategories&post=55228"},{"taxonomy":"post_tag","embeddable":true,"href":"https:\/\/encuentroinformativo.com.mx\/index.php?rest_route=%2Fwp%2Fv2%2Ftags&post=55228"}],"curies":[{"name":"wp","href":"https:\/\/api.w.org\/{rel}","templated":true}]}}