{"id":55238,"date":"2024-06-03T11:05:43","date_gmt":"2024-06-03T17:05:43","guid":{"rendered":"https:\/\/encuentroinformativo.com.mx\/?p=55238"},"modified":"2024-06-03T11:05:48","modified_gmt":"2024-06-03T17:05:48","slug":"ante-resultados-electorales-estoy-muy-contento-reitera-lopez-obrador","status":"publish","type":"post","link":"https:\/\/encuentroinformativo.com.mx\/?p=55238","title":{"rendered":"Ante resultados electorales, \u201cestoy muy contento\u201d reitera L\u00f3pez Obrador"},"content":{"rendered":"\n<p><strong>Redacci\u00f3n<\/strong><\/p>\n\n\n\n<p>Xalapa, Ver.- El presidente Andr\u00e9s Manuel L\u00f3pez Obrador celebr\u00f3 la participaci\u00f3n de los mexicanos en las urnas por lo que enfatiz\u00f3 que \u201cest\u00e1 muy contento\u201d.<\/p>\n\n\n\n<p>Durante su conferencia de prensa ma\u00f1anera de este lunes, el ejecutivo federal reiter\u00f3 que \u201cme dio much\u00edsimo gusto\u201d el comportamiento de la gente.<\/p>\n\n\n\n<p>&#8220;S\u00ed estoy muy contento, confieso que estoy muy contento y estoy muy orgulloso por la actitud de nuestro pueblo, la forma en que los mexicanos nos manifestamos y hacer valer nuestras libertades y reafirmamos nuestra vocaci\u00f3n democr\u00e1tica\u2026 participaron millones, cerca de 60 millones de ciudadanos y de manera libre decidieron sobre el futuro del pa\u00eds\u201d.<\/p>\n\n\n\n<p>Quedo de manifiesto que el pueblo es agradecido -se\u00f1al\u00f3- el pueblo es bueno, es noble y sabe muy bien lo que le conviene y lo que no le conviene.<\/p>\n\n\n\n<p>Para concluir L\u00f3pez Obrador reiter\u00f3 que desde la noche del domingo se comunic\u00f3 la candidata ganadora Claudia Sheinbaum quien se ha convertido en la candidata m\u00e1s votada en la historia de M\u00e9xico.<\/p>\n\n\n\n<p>\u201cYa hablamos ayer, la felicite imag\u00ednense lo que significa entregar la presidencia a una mujer luego de 200 a\u00f1os luego de que solo gobernaron M\u00e9xico hombres desde la primera rep\u00fablica federal\u2026 adem\u00e1s la candidata m\u00e1s votada en la historia de M\u00e9xico, de todos los que hemos participado o hemos ocupado el cargo de presidente es algo hist\u00f3rico\u201d.<\/p>\n","protected":false},"excerpt":{"rendered":"<p>Redacci\u00f3n Xalapa, Ver.- El presidente Andr\u00e9s Manuel L\u00f3pez Obrador celebr\u00f3 la participaci\u00f3n de los mexicanos en las urnas por lo que enfatiz\u00f3 que \u201cest\u00e1 muy contento\u201d. Durante su conferencia de prensa ma\u00f1anera de este lunes, el ejecutivo federal reiter\u00f3 que \u201cme dio much\u00edsimo gusto\u201d el comportamiento de la gente. &#8220;S\u00ed estoy muy contento, confieso que [&hellip;]<\/p>\n","protected":false},"author":2476,"featured_media":55239,"comment_status":"open","ping_status":"open","sticky":false,"template":"","format":"standard","meta":{"_jetpack_memberships_contains_paid_content":false,"footnotes":""},"categories":[2,12],"tags":[],"class_list":["post-55238","post","type-post","status-publish","format-standard","has-post-thumbnail","hentry","category-estado","category-nacional"],"jetpack_featured_media_url":"https:\/\/encuentroinformativo.com.mx\/wp-content\/uploads\/2024\/06\/Screenshot_20240603-105849.png","jetpack_sharing_enabled":true,"jetpack_likes_enabled":true,"amp_enabled":true,"_links":{"self":[{"href":"https:\/\/encuentroinformativo.com.mx\/index.php?rest_route=\/wp\/v2\/posts\/55238","targetHints":{"allow":["GET"]}}],"collection":[{"href":"https:\/\/encuentroinformativo.com.mx\/index.php?rest_route=\/wp\/v2\/posts"}],"about":[{"href":"https:\/\/encuentroinformativo.com.mx\/index.php?rest_route=\/wp\/v2\/types\/post"}],"author":[{"embeddable":true,"href":"https:\/\/encuentroinformativo.com.mx\/index.php?rest_route=\/wp\/v2\/users\/2476"}],"replies":[{"embeddable":true,"href":"https:\/\/encuentroinformativo.com.mx\/index.php?rest_route=%2Fwp%2Fv2%2Fcomments&post=55238"}],"version-history":[{"count":1,"href":"https:\/\/encuentroinformativo.com.mx\/index.php?rest_route=\/wp\/v2\/posts\/55238\/revisions"}],"predecessor-version":[{"id":55240,"href":"https:\/\/encuentroinformativo.com.mx\/index.php?rest_route=\/wp\/v2\/posts\/55238\/revisions\/55240"}],"wp:featuredmedia":[{"embeddable":true,"href":"https:\/\/encuentroinformativo.com.mx\/index.php?rest_route=\/wp\/v2\/media\/55239"}],"wp:attachment":[{"href":"https:\/\/encuentroinformativo.com.mx\/index.php?rest_route=%2Fwp%2Fv2%2Fmedia&parent=55238"}],"wp:term":[{"taxonomy":"category","embeddable":true,"href":"https:\/\/encuentroinformativo.com.mx\/index.php?rest_route=%2Fwp%2Fv2%2Fcategories&post=55238"},{"taxonomy":"post_tag","embeddable":true,"href":"https:\/\/encuentroinformativo.com.mx\/index.php?rest_route=%2Fwp%2Fv2%2Ftags&post=55238"}],"curies":[{"name":"wp","href":"https:\/\/api.w.org\/{rel}","templated":true}]}}