{"id":55241,"date":"2024-06-03T12:53:21","date_gmt":"2024-06-03T18:53:21","guid":{"rendered":"https:\/\/encuentroinformativo.com.mx\/?p=55241"},"modified":"2024-06-03T13:26:32","modified_gmt":"2024-06-03T19:26:32","slug":"desearle-lo-mejor-a-veracruz-pepe-yunes","status":"publish","type":"post","link":"https:\/\/encuentroinformativo.com.mx\/?p=55241","title":{"rendered":"Desearle lo mejor a Veracruz: Pepe Yunes"},"content":{"rendered":"\n<p><strong>Redacci\u00f3n<\/strong><\/p>\n\n\n\n<p>Xalapa, Ver.- El abanderado de la coalici\u00f3n Fuerza y Coraz\u00f3n por Veracruz, Jos\u00e9 Yunes Zorrilla ofreci\u00f3 un mensaje para admitir que las tendencias no le favorecen y reconocer el triunfo de la candidata de Morena Roc\u00edo Nahle.<\/p>\n\n\n\n<p>En conferencia de prensa en conocido sal\u00f3n de la capital del estado, precis\u00f3: \u201cAs\u00ed lo reconozco y en ese sentido quer\u00eda concluir el proceso frente a los medios de comunicaci\u00f3n y la sociedad veracruzana\u201d.<\/p>\n\n\n\n<p>Particular y personalmente acepto que la distancia, la diferencia es lo suficientemente contundente para tener en claro que no puede haber determinancia en el cambio de los resultados\u2026 Desearle lo mejor a Veracruz, reconocer el triunfo de Morena y su candidata, la ingeniero Roc\u00edo Nahle y, en ese sentido, tener claridad que Veracruz tiene que resolver muchos temas pendientes, y yo har\u00e9 votos porque estos se pueda resolver, detall\u00f3.<\/p>\n\n\n\n<p>Finalmente Pepe Yunes se\u00f1al\u00f3 que ayer al termino del cierre de casillas la numerolog\u00eda les marcaba algo diferente y por ello se hab\u00eda pronunciado como ganador.<\/p>\n\n\n\n<p>\u201cRealmente ten\u00edamos resultados, con este sesgo metodol\u00f3gico, que hac\u00edan pensar que la elecci\u00f3n estaba totalmente en competencia\u201d.<\/p>\n\n\n\n<p><strong>Reconocimiento a Medios de Comunicaci\u00f3n<\/strong><br>Al hacer uso de la voz la reconocida Beatriz Paredes hizo un reconocimiento al trabajo de los medios de comunicaci\u00f3n durante la jornada electoral.<\/p>\n\n\n\n<p>\u201cAprovechar para agradecerle a los medios de comunicaci\u00f3n toda la cobertura que le dieron a esta campa\u00f1a, sus an\u00e1lisis, su valor civil, quiero expresarles nuestro reconocimiento a los partidos que participaron en la alianza\u201d.<\/p>\n","protected":false},"excerpt":{"rendered":"<p>Redacci\u00f3n Xalapa, Ver.- El abanderado de la coalici\u00f3n Fuerza y Coraz\u00f3n por Veracruz, Jos\u00e9 Yunes Zorrilla ofreci\u00f3 un mensaje para admitir que las tendencias no le favorecen y reconocer el triunfo de la candidata de Morena Roc\u00edo Nahle. En conferencia de prensa en conocido sal\u00f3n de la capital del estado, precis\u00f3: \u201cAs\u00ed lo reconozco y [&hellip;]<\/p>\n","protected":false},"author":2476,"featured_media":55244,"comment_status":"open","ping_status":"open","sticky":false,"template":"","format":"standard","meta":{"_jetpack_memberships_contains_paid_content":false,"footnotes":""},"categories":[2],"tags":[],"class_list":["post-55241","post","type-post","status-publish","format-standard","has-post-thumbnail","hentry","category-estado"],"jetpack_featured_media_url":"https:\/\/encuentroinformativo.com.mx\/wp-content\/uploads\/2024\/06\/IMG-20240603-WA0107.jpg","jetpack_sharing_enabled":true,"jetpack_likes_enabled":true,"amp_enabled":true,"_links":{"self":[{"href":"https:\/\/encuentroinformativo.com.mx\/index.php?rest_route=\/wp\/v2\/posts\/55241","targetHints":{"allow":["GET"]}}],"collection":[{"href":"https:\/\/encuentroinformativo.com.mx\/index.php?rest_route=\/wp\/v2\/posts"}],"about":[{"href":"https:\/\/encuentroinformativo.com.mx\/index.php?rest_route=\/wp\/v2\/types\/post"}],"author":[{"embeddable":true,"href":"https:\/\/encuentroinformativo.com.mx\/index.php?rest_route=\/wp\/v2\/users\/2476"}],"replies":[{"embeddable":true,"href":"https:\/\/encuentroinformativo.com.mx\/index.php?rest_route=%2Fwp%2Fv2%2Fcomments&post=55241"}],"version-history":[{"count":1,"href":"https:\/\/encuentroinformativo.com.mx\/index.php?rest_route=\/wp\/v2\/posts\/55241\/revisions"}],"predecessor-version":[{"id":55243,"href":"https:\/\/encuentroinformativo.com.mx\/index.php?rest_route=\/wp\/v2\/posts\/55241\/revisions\/55243"}],"wp:featuredmedia":[{"embeddable":true,"href":"https:\/\/encuentroinformativo.com.mx\/index.php?rest_route=\/wp\/v2\/media\/55244"}],"wp:attachment":[{"href":"https:\/\/encuentroinformativo.com.mx\/index.php?rest_route=%2Fwp%2Fv2%2Fmedia&parent=55241"}],"wp:term":[{"taxonomy":"category","embeddable":true,"href":"https:\/\/encuentroinformativo.com.mx\/index.php?rest_route=%2Fwp%2Fv2%2Fcategories&post=55241"},{"taxonomy":"post_tag","embeddable":true,"href":"https:\/\/encuentroinformativo.com.mx\/index.php?rest_route=%2Fwp%2Fv2%2Ftags&post=55241"}],"curies":[{"name":"wp","href":"https:\/\/api.w.org\/{rel}","templated":true}]}}