{"id":55245,"date":"2024-06-03T13:35:09","date_gmt":"2024-06-03T19:35:09","guid":{"rendered":"https:\/\/encuentroinformativo.com.mx\/?p=55245"},"modified":"2024-06-03T13:35:15","modified_gmt":"2024-06-03T19:35:15","slug":"se-va-a-desprivatizar-el-agua-en-veracruz-manuel-huerta","status":"publish","type":"post","link":"https:\/\/encuentroinformativo.com.mx\/?p=55245","title":{"rendered":"Se va a desprivatizar el agua en Veracruz: Manuel Huerta"},"content":{"rendered":"\n<p><strong>Alejandro \u00c1vila<\/strong><\/p>\n\n\n\n<p>Veracruz, Ver.- El virtual ganador de Morena en segunda f\u00f3rmula al Senado de la Rep\u00fablica, Manuel Huerta Ladr\u00f3n de Guevara, asegur\u00f3 que desde la C\u00e1mara Alta buscar\u00e1 desprivatizar el agua en Veracruz.<\/p>\n\n\n\n<p>De la misma, dijo que con las mayor\u00edas legislativas que ha logrado Morena se podr\u00e1 concretar el Plan C, del cual aclar\u00f3, ser\u00e1 en beneficio de los mexicanos.<\/p>\n\n\n\n<p>&#8220;Que sepa la gente que el Plan C es para beneficio del pueblo, porque se han corrido muchas versiones, Chupacabras como ustedes saben que no son reales, hay que decirle a los trabajadores, por ejemplo del Poder Judicial que nunca se les va a afectar sus derechos, sus trabajos, al contrario, esto es para bien, y como ese ejemplo muchos, aqu\u00ed el tema del agua que hemos estado poniendo el dedo en la llaga, porque tenemos que desprivatizar el agua, ha sido un grave error que en Veracruz &#8211; Boca del R\u00edo el agua la tengan privada, porque no est\u00e1n resolviendo el problema y se est\u00e1n llevando muchos recursos. Decirles que se tiene que desprivatizar el agua y tiene que haber agua como un derecho humano, de calidad y en cantidad suficiente, eso lo vamos a hacer, yo no quiero adelantar cosas pero ya las van a ir conociendo porque ya tenemos un plan&#8221;, asest\u00f3.<\/p>\n\n\n\n<p>Finalmente, agradecido a la ciudadan\u00eda por la gran participaci\u00f3n en la jornada electoral, y asegur\u00f3 que este ser\u00e1 el Senado m\u00e1s votado en la historia de Veracruz.<\/p>\n","protected":false},"excerpt":{"rendered":"<p>Alejandro \u00c1vila Veracruz, Ver.- El virtual ganador de Morena en segunda f\u00f3rmula al Senado de la Rep\u00fablica, Manuel Huerta Ladr\u00f3n de Guevara, asegur\u00f3 que desde la C\u00e1mara Alta buscar\u00e1 desprivatizar el agua en Veracruz. De la misma, dijo que con las mayor\u00edas legislativas que ha logrado Morena se podr\u00e1 concretar el Plan C, del cual [&hellip;]<\/p>\n","protected":false},"author":2476,"featured_media":55246,"comment_status":"open","ping_status":"open","sticky":false,"template":"","format":"standard","meta":{"_jetpack_memberships_contains_paid_content":false,"footnotes":""},"categories":[2],"tags":[],"class_list":["post-55245","post","type-post","status-publish","format-standard","has-post-thumbnail","hentry","category-estado"],"jetpack_featured_media_url":"https:\/\/encuentroinformativo.com.mx\/wp-content\/uploads\/2024\/06\/IMG-20240603-WA0086-scaled.jpg","jetpack_sharing_enabled":true,"jetpack_likes_enabled":true,"amp_enabled":true,"_links":{"self":[{"href":"https:\/\/encuentroinformativo.com.mx\/index.php?rest_route=\/wp\/v2\/posts\/55245","targetHints":{"allow":["GET"]}}],"collection":[{"href":"https:\/\/encuentroinformativo.com.mx\/index.php?rest_route=\/wp\/v2\/posts"}],"about":[{"href":"https:\/\/encuentroinformativo.com.mx\/index.php?rest_route=\/wp\/v2\/types\/post"}],"author":[{"embeddable":true,"href":"https:\/\/encuentroinformativo.com.mx\/index.php?rest_route=\/wp\/v2\/users\/2476"}],"replies":[{"embeddable":true,"href":"https:\/\/encuentroinformativo.com.mx\/index.php?rest_route=%2Fwp%2Fv2%2Fcomments&post=55245"}],"version-history":[{"count":1,"href":"https:\/\/encuentroinformativo.com.mx\/index.php?rest_route=\/wp\/v2\/posts\/55245\/revisions"}],"predecessor-version":[{"id":55247,"href":"https:\/\/encuentroinformativo.com.mx\/index.php?rest_route=\/wp\/v2\/posts\/55245\/revisions\/55247"}],"wp:featuredmedia":[{"embeddable":true,"href":"https:\/\/encuentroinformativo.com.mx\/index.php?rest_route=\/wp\/v2\/media\/55246"}],"wp:attachment":[{"href":"https:\/\/encuentroinformativo.com.mx\/index.php?rest_route=%2Fwp%2Fv2%2Fmedia&parent=55245"}],"wp:term":[{"taxonomy":"category","embeddable":true,"href":"https:\/\/encuentroinformativo.com.mx\/index.php?rest_route=%2Fwp%2Fv2%2Fcategories&post=55245"},{"taxonomy":"post_tag","embeddable":true,"href":"https:\/\/encuentroinformativo.com.mx\/index.php?rest_route=%2Fwp%2Fv2%2Ftags&post=55245"}],"curies":[{"name":"wp","href":"https:\/\/api.w.org\/{rel}","templated":true}]}}