{"id":55251,"date":"2024-06-03T13:57:53","date_gmt":"2024-06-03T19:57:53","guid":{"rendered":"https:\/\/encuentroinformativo.com.mx\/?p=55251"},"modified":"2024-06-03T13:57:59","modified_gmt":"2024-06-03T19:57:59","slug":"ayuntamiento-presentara-denuncias-por-cierre-de-valvulas-ahued","status":"publish","type":"post","link":"https:\/\/encuentroinformativo.com.mx\/?p=55251","title":{"rendered":"Ayuntamiento presentar\u00e1 denuncias por cierre de v\u00e1lvulas: Ahued"},"content":{"rendered":"\n<p><strong>Dar\u00edo Pale <\/strong><\/p>\n\n\n\n<p>Xalapa, Ver.- El presidente municipal de Xalapa, Ricardo Ahued Bardahuil dio a conocer que va a interponer una denuncia en contra de quien resulte responsable por el cierre de las v\u00e1lvulas de la presa Los Colibr\u00edes.<\/p>\n\n\n\n<p>En conferencia de prensa se\u00f1al\u00f3 que, lamentablemente en un atentado el cual calific\u00f3 como sabotaje le cerraron las v\u00e1lvulas en Quimixtlan del estado de Puebla, por lo que consider\u00f3 que ya tiene que intervenir CONAGUA y van a interponer una denuncia a la Fiscal\u00eda General del Estado (FGE).<\/p>\n\n\n\n<p>Esto debido a que est\u00e1n poniendo en riesgo a miles de familias de Xalapa, ya que de se est\u00e1 padeciendo un estiaje de los m\u00e1s severos de la historia, ya que hay una gran falta de lluvia y recargamiento de las fuentes que surten a Xalapa.<\/p>\n\n\n\n<p>&#8220;Lamentablemente hace un ratito acaban de volver a cerrar y vamos a tener una crisis m\u00ednima de varias horas porque al cerrarla ya no llega agua cuando vuelvan a abrir las v\u00e1lvulas el proceso tarda hasta 14 o 20 horas en restablecerse los niveles en las partes altas, as\u00ed que vamos a vivir momentos cr\u00edticos sin duda en la semana&#8221;, se\u00f1al\u00f3.<\/p>\n\n\n\n<p>Lament\u00f3 que utilicen cualquier pretexto que no tiene nada que ver con la ciudad, y Xalapa no tiene porque sufrir m\u00e1s de lo que ya est\u00e1n padeciendo por una falta de agua y falta de planeaci\u00f3n en el tema hidr\u00e1ulico y sanitario.<\/p>\n\n\n\n<p>&#8220;Levanto la voz para que las autoridades federales ya intervengan y vamos hacer las denuncias correspondientes y que de plano se resguarde el patrimonio de la realidad de las necesidades de l\u00edquidos, m\u00e1s en estos tiempos para la ciudad de Xalapa y que aparte afecta a Emiliano Zapata&#8221;, coment\u00f3.<\/p>\n\n\n\n<p>Finalmente se\u00f1al\u00f3 que es un sabotaje contra Xalapa y ya no lo deben de permitir &#8220;o actuamos legalmente y les exigimos a la autoridad que ya ponga orden o yo como alcalde poco voy a hacer para que paren toda la ciudad por falta de agua y que est\u00e1n cerrando la presa&#8230;, ya orden\u00e9 que presenten denuncia y le vamos a seguir hasta el \u00faltimo momento por que yo tengo que defender a Xalapa&#8221;.<\/p>\n","protected":false},"excerpt":{"rendered":"<p>Dar\u00edo Pale Xalapa, Ver.- El presidente municipal de Xalapa, Ricardo Ahued Bardahuil dio a conocer que va a interponer una denuncia en contra de quien resulte responsable por el cierre de las v\u00e1lvulas de la presa Los Colibr\u00edes. En conferencia de prensa se\u00f1al\u00f3 que, lamentablemente en un atentado el cual calific\u00f3 como sabotaje le cerraron [&hellip;]<\/p>\n","protected":false},"author":2476,"featured_media":55252,"comment_status":"open","ping_status":"open","sticky":false,"template":"","format":"standard","meta":{"_jetpack_memberships_contains_paid_content":false,"footnotes":""},"categories":[3],"tags":[],"class_list":["post-55251","post","type-post","status-publish","format-standard","has-post-thumbnail","hentry","category-xalapa"],"jetpack_featured_media_url":"https:\/\/encuentroinformativo.com.mx\/wp-content\/uploads\/2024\/06\/IMG-20240603-WA00942.jpg","jetpack_sharing_enabled":true,"jetpack_likes_enabled":true,"amp_enabled":true,"_links":{"self":[{"href":"https:\/\/encuentroinformativo.com.mx\/index.php?rest_route=\/wp\/v2\/posts\/55251","targetHints":{"allow":["GET"]}}],"collection":[{"href":"https:\/\/encuentroinformativo.com.mx\/index.php?rest_route=\/wp\/v2\/posts"}],"about":[{"href":"https:\/\/encuentroinformativo.com.mx\/index.php?rest_route=\/wp\/v2\/types\/post"}],"author":[{"embeddable":true,"href":"https:\/\/encuentroinformativo.com.mx\/index.php?rest_route=\/wp\/v2\/users\/2476"}],"replies":[{"embeddable":true,"href":"https:\/\/encuentroinformativo.com.mx\/index.php?rest_route=%2Fwp%2Fv2%2Fcomments&post=55251"}],"version-history":[{"count":1,"href":"https:\/\/encuentroinformativo.com.mx\/index.php?rest_route=\/wp\/v2\/posts\/55251\/revisions"}],"predecessor-version":[{"id":55253,"href":"https:\/\/encuentroinformativo.com.mx\/index.php?rest_route=\/wp\/v2\/posts\/55251\/revisions\/55253"}],"wp:featuredmedia":[{"embeddable":true,"href":"https:\/\/encuentroinformativo.com.mx\/index.php?rest_route=\/wp\/v2\/media\/55252"}],"wp:attachment":[{"href":"https:\/\/encuentroinformativo.com.mx\/index.php?rest_route=%2Fwp%2Fv2%2Fmedia&parent=55251"}],"wp:term":[{"taxonomy":"category","embeddable":true,"href":"https:\/\/encuentroinformativo.com.mx\/index.php?rest_route=%2Fwp%2Fv2%2Fcategories&post=55251"},{"taxonomy":"post_tag","embeddable":true,"href":"https:\/\/encuentroinformativo.com.mx\/index.php?rest_route=%2Fwp%2Fv2%2Ftags&post=55251"}],"curies":[{"name":"wp","href":"https:\/\/api.w.org\/{rel}","templated":true}]}}