{"id":55260,"date":"2024-06-03T15:46:27","date_gmt":"2024-06-03T21:46:27","guid":{"rendered":"https:\/\/encuentroinformativo.com.mx\/?p=55260"},"modified":"2024-06-03T15:46:34","modified_gmt":"2024-06-03T21:46:34","slug":"defenderemos-el-triunfo-hasta-el-final-americo-zuniga","status":"publish","type":"post","link":"https:\/\/encuentroinformativo.com.mx\/?p=55260","title":{"rendered":"Defenderemos el triunfo hasta el final: Am\u00e9rico Z\u00fa\u00f1iga"},"content":{"rendered":"\n<p><strong>Dar\u00edo Pale <\/strong><\/p>\n\n\n\n<p>Xalapa, Ver.- Si bien es cierto el PREP nunca ha dejado de darle una leve ventaja sobre la candidata de Morena, Ana Miriam Ferr\u00e1ez, luchar\u00e1 &#8220;hasta las \u00faltimas consecuencias&#8221;, as\u00ed lo dio a conocer el candidato a la diputaci\u00f3n federal por Xalapa, Am\u00e9rico Z\u00fa\u00f1iga Mart\u00ednez.<\/p>\n\n\n\n<p>En entrevista, reconoci\u00f3 que dicha ventaja no constituye una distancia contundente, &#8220;estamos ganando \u00a0y de acuerdo al PREP, a las 9 de la ma\u00f1ana era de 200 (votos), a las 11 un poco m\u00e1s, ahora rebasamos los 150, 200 votos, as\u00ed ha sido, en ning\u00fan momento hemos ido abajo&#8221;.<\/p>\n\n\n\n<p>&#8220;Sin embargo, de una contienda de ciento un mil y poco de votos, contra ciento un mil y pico de votos, el que sea de cientos, nos obliga a pensar que esto puede en alg\u00fan momento cerrarse&#8221;, coment\u00f3.<\/p>\n\n\n\n<p>Z\u00fa\u00f1iga Mart\u00ednez se\u00f1al\u00f3 que el PREP ha ido muy lento, y es que hacia el medio d\u00eda de este lunes no hab\u00eda concluido el c\u00f3mputo del total de las casillas.<\/p>\n\n\n\n<p>Por \u00faltimo asegur\u00f3 que en Xalapa el candidato a la gubernatura de Veracruz, Jos\u00e9 Francisco Yunes Zorrilla arras\u00f3 en Xalapa, lo cual le ayud\u00f3 a tener una buena votaci\u00f3n que defender\u00e1 &#8220;hasta las \u00faltimas consecuencias&#8221;.<\/p>\n","protected":false},"excerpt":{"rendered":"<p>Dar\u00edo Pale Xalapa, Ver.- Si bien es cierto el PREP nunca ha dejado de darle una leve ventaja sobre la candidata de Morena, Ana Miriam Ferr\u00e1ez, luchar\u00e1 &#8220;hasta las \u00faltimas consecuencias&#8221;, as\u00ed lo dio a conocer el candidato a la diputaci\u00f3n federal por Xalapa, Am\u00e9rico Z\u00fa\u00f1iga Mart\u00ednez. En entrevista, reconoci\u00f3 que dicha ventaja no constituye [&hellip;]<\/p>\n","protected":false},"author":2476,"featured_media":55261,"comment_status":"open","ping_status":"open","sticky":false,"template":"","format":"standard","meta":{"_jetpack_memberships_contains_paid_content":false,"footnotes":""},"categories":[3],"tags":[],"class_list":["post-55260","post","type-post","status-publish","format-standard","has-post-thumbnail","hentry","category-xalapa"],"jetpack_featured_media_url":"https:\/\/encuentroinformativo.com.mx\/wp-content\/uploads\/2024\/06\/IMG-20240603-WA01212.jpg","jetpack_sharing_enabled":true,"jetpack_likes_enabled":true,"amp_enabled":true,"_links":{"self":[{"href":"https:\/\/encuentroinformativo.com.mx\/index.php?rest_route=\/wp\/v2\/posts\/55260","targetHints":{"allow":["GET"]}}],"collection":[{"href":"https:\/\/encuentroinformativo.com.mx\/index.php?rest_route=\/wp\/v2\/posts"}],"about":[{"href":"https:\/\/encuentroinformativo.com.mx\/index.php?rest_route=\/wp\/v2\/types\/post"}],"author":[{"embeddable":true,"href":"https:\/\/encuentroinformativo.com.mx\/index.php?rest_route=\/wp\/v2\/users\/2476"}],"replies":[{"embeddable":true,"href":"https:\/\/encuentroinformativo.com.mx\/index.php?rest_route=%2Fwp%2Fv2%2Fcomments&post=55260"}],"version-history":[{"count":1,"href":"https:\/\/encuentroinformativo.com.mx\/index.php?rest_route=\/wp\/v2\/posts\/55260\/revisions"}],"predecessor-version":[{"id":55262,"href":"https:\/\/encuentroinformativo.com.mx\/index.php?rest_route=\/wp\/v2\/posts\/55260\/revisions\/55262"}],"wp:featuredmedia":[{"embeddable":true,"href":"https:\/\/encuentroinformativo.com.mx\/index.php?rest_route=\/wp\/v2\/media\/55261"}],"wp:attachment":[{"href":"https:\/\/encuentroinformativo.com.mx\/index.php?rest_route=%2Fwp%2Fv2%2Fmedia&parent=55260"}],"wp:term":[{"taxonomy":"category","embeddable":true,"href":"https:\/\/encuentroinformativo.com.mx\/index.php?rest_route=%2Fwp%2Fv2%2Fcategories&post=55260"},{"taxonomy":"post_tag","embeddable":true,"href":"https:\/\/encuentroinformativo.com.mx\/index.php?rest_route=%2Fwp%2Fv2%2Ftags&post=55260"}],"curies":[{"name":"wp","href":"https:\/\/api.w.org\/{rel}","templated":true}]}}