{"id":55267,"date":"2024-06-04T09:29:40","date_gmt":"2024-06-04T15:29:40","guid":{"rendered":"https:\/\/encuentroinformativo.com.mx\/?p=55267"},"modified":"2024-06-04T09:29:45","modified_gmt":"2024-06-04T15:29:45","slug":"la-oposicion","status":"publish","type":"post","link":"https:\/\/encuentroinformativo.com.mx\/?p=55267","title":{"rendered":"LA OPOSICI\u00d3N"},"content":{"rendered":"\n<p><strong>Los Pol\u00edticos<\/strong><\/p>\n\n\n\n<p><strong>Salvador Mu\u00f1oz<\/strong><\/p>\n\n\n\n<p>El triunfo arrollador de Morena en esta pasada contienda es puerta para la cantidad de escenarios que no alcanzar\u00eda una cuartilla para desmenuzarlos.<\/p>\n\n\n\n<p>Se podr\u00eda empezar por la Oposici\u00f3n entendiendo \u00e9sta como PRI-PAN-PRD: A partir de los resultados, cuales fueran de estas l\u00edneas hasta el s\u00e1bado que acabe el recuento, se podr\u00eda sentenciar que en Veracruz, ya no hay Oposici\u00f3n\u2026<\/p>\n\n\n\n<p>Si nos concentramos en el estado, nuevamente la mejor carta de lo que era la Oposici\u00f3n sucumbi\u00f3 ante el poder\u00edo moreno y peor a\u00fan, si bien Pepe logr\u00f3 duplicar sus votos del 2018 para el 2024, hay que considerar que fue ahora con la alianza PAN y PRD, quienes vieron reducido su potencial en esta contienda considerablemente, pues Chiquiyunes en el 2018, rebas\u00f3 el 1 mill\u00f3n 200 mil como candidato a Gobernador, pero en estos comicios, hasta este momento, apenas ara\u00f1a el 1 mill\u00f3n como candidato al Senado.<\/p>\n\n\n\n<p>Del Congreso del Estado, ni se hable. Es evidente que la Aplanadora Jumbo volver\u00e1 a marcar los destinos legislativos del Palacio de Encanto.<\/p>\n\n\n\n<p>Y ni qu\u00e9 decir de las disputas por las curules federales\u2026 casi carro completo tambi\u00e9n, de no ser por Boca del R\u00edo\u2026<\/p>\n\n\n\n<p>Boca del R\u00edo merece una menci\u00f3n aparte porque es el \u00fanico basti\u00f3n panista que hasta este momento del conteo, salvo por la Presidencia, daba la cara por sus colores azules: ventaja en la curul local y federal, as\u00ed como ventaja para Chiquiyunes en el Senado.<\/p>\n\n\n\n<p>Pareciera que el liderazgo de Juan Manuel de Unanue es el \u00fanico que se hizo sentir en esta alianza porque en lo que se refiere a Orizaba con la joya del pri\u00edsmo, no se vio tal; lo mismo ocurri\u00f3 en Cosoleacaque, donde el poder\u00edo de los V\u00e1zquez Parissi ca\u00eda hasta el momento; y Veracruz, en casa, igual se dej\u00f3 sentir el Morena Power\u2026 y los distritos cabeceras (Coatepec y Perote) del candidato a la Gubernatura, hasta estos momentos, igual los perd\u00eda\u2026<\/p>\n\n\n\n<p>Con miras al 2025, pareciera que en este momento, el \u00fanico municipio a conservar, ser\u00eda Boca del R\u00edo, que al menos en este siglo, ha mantenido el PAN su hegemon\u00eda en el poder municipal salvo por el paso del Tocayo Manzur por esos lares.<\/p>\n\n\n\n<p>S\u00ed, es seguro que ninguno de los candidatos de la Oposici\u00f3n se ech\u00f3 a la hamaca, es m\u00e1s, en la Opini\u00f3n P\u00fablica, todo sonaba favorable, buen fario, bonanza\u2026 \u00e9sa era la percepci\u00f3n que se dio en la Oposici\u00f3n y que se desperdig\u00f3 en el resto de la Opini\u00f3n P\u00fablica\u2026 se gener\u00f3 un escenario positivo, optimista, avasallante, cr\u00edtico, esperanzador, donde la Oposici\u00f3n ven\u00eda con todo\u2026<\/p>\n\n\n\n<p>\u00bfY qu\u00e9 fue lo que pas\u00f3?<\/p>\n\n\n\n<p>Podr\u00edamos decir que la Oposici\u00f3n gan\u00f3 la campa\u00f1a, pero Morena las elecciones\u2026 y hoy, hasta el momento, podemos hablar que Veracruz ya no tiene Oposici\u00f3n y mucho menos Morena.<\/p>\n","protected":false},"excerpt":{"rendered":"<p>Los Pol\u00edticos Salvador Mu\u00f1oz El triunfo arrollador de Morena en esta pasada contienda es puerta para la cantidad de escenarios que no alcanzar\u00eda una cuartilla para desmenuzarlos. Se podr\u00eda empezar por la Oposici\u00f3n entendiendo \u00e9sta como PRI-PAN-PRD: A partir de los resultados, cuales fueran de estas l\u00edneas hasta el s\u00e1bado que acabe el recuento, se [&hellip;]<\/p>\n","protected":false},"author":2476,"featured_media":387,"comment_status":"open","ping_status":"open","sticky":false,"template":"","format":"standard","meta":{"_jetpack_memberships_contains_paid_content":false,"footnotes":""},"categories":[11],"tags":[],"class_list":["post-55267","post","type-post","status-publish","format-standard","has-post-thumbnail","hentry","category-opinion"],"jetpack_featured_media_url":"https:\/\/encuentroinformativo.com.mx\/wp-content\/uploads\/2020\/03\/7CF8A22B-2764-47BE-8F7F-38FE9E5D6A2F.jpeg","jetpack_sharing_enabled":true,"jetpack_likes_enabled":true,"amp_enabled":true,"_links":{"self":[{"href":"https:\/\/encuentroinformativo.com.mx\/index.php?rest_route=\/wp\/v2\/posts\/55267","targetHints":{"allow":["GET"]}}],"collection":[{"href":"https:\/\/encuentroinformativo.com.mx\/index.php?rest_route=\/wp\/v2\/posts"}],"about":[{"href":"https:\/\/encuentroinformativo.com.mx\/index.php?rest_route=\/wp\/v2\/types\/post"}],"author":[{"embeddable":true,"href":"https:\/\/encuentroinformativo.com.mx\/index.php?rest_route=\/wp\/v2\/users\/2476"}],"replies":[{"embeddable":true,"href":"https:\/\/encuentroinformativo.com.mx\/index.php?rest_route=%2Fwp%2Fv2%2Fcomments&post=55267"}],"version-history":[{"count":1,"href":"https:\/\/encuentroinformativo.com.mx\/index.php?rest_route=\/wp\/v2\/posts\/55267\/revisions"}],"predecessor-version":[{"id":55268,"href":"https:\/\/encuentroinformativo.com.mx\/index.php?rest_route=\/wp\/v2\/posts\/55267\/revisions\/55268"}],"wp:featuredmedia":[{"embeddable":true,"href":"https:\/\/encuentroinformativo.com.mx\/index.php?rest_route=\/wp\/v2\/media\/387"}],"wp:attachment":[{"href":"https:\/\/encuentroinformativo.com.mx\/index.php?rest_route=%2Fwp%2Fv2%2Fmedia&parent=55267"}],"wp:term":[{"taxonomy":"category","embeddable":true,"href":"https:\/\/encuentroinformativo.com.mx\/index.php?rest_route=%2Fwp%2Fv2%2Fcategories&post=55267"},{"taxonomy":"post_tag","embeddable":true,"href":"https:\/\/encuentroinformativo.com.mx\/index.php?rest_route=%2Fwp%2Fv2%2Ftags&post=55267"}],"curies":[{"name":"wp","href":"https:\/\/api.w.org\/{rel}","templated":true}]}}