{"id":55276,"date":"2024-06-04T11:24:11","date_gmt":"2024-06-04T17:24:11","guid":{"rendered":"https:\/\/encuentroinformativo.com.mx\/?p=55276"},"modified":"2024-06-04T11:24:16","modified_gmt":"2024-06-04T17:24:16","slug":"veracruz-esta-en-llamas-senalan-organizaciones","status":"publish","type":"post","link":"https:\/\/encuentroinformativo.com.mx\/?p=55276","title":{"rendered":"Veracruz est\u00e1 en llamas, se\u00f1alan organizaciones"},"content":{"rendered":"\n<p><strong>Dar\u00edo Pale <\/strong><\/p>\n\n\n\n<p>Xalapa, Ver.- Omar Mart\u00ednez Gonz\u00e1lez secretario general de la Asociaci\u00f3n Regalemos un Paraizoo A.C. dio a conocer que &#8220;Veracruz est\u00e1 en llamas&#8221;, por lo que lament\u00f3 la situaci\u00f3n que se est\u00e1 presentando en diferentes puntos del estado.<\/p>\n\n\n\n<p>En conferencia de prensa cuestionado con relaci\u00f3n a los incendios forestales que est\u00e1n activos en esta regi\u00f3n comentaron que la situaci\u00f3n es lamentable, \u201cVeracruz est\u00e1 en llamas\u201d.<\/p>\n\n\n\n<p>Se\u00f1al\u00f3 que, \u201cest\u00e1n activos varios incendios no solo en la regi\u00f3n sino en distintas franjas, mayormente, los da\u00f1os son en pastizales. Por ahora, el m\u00e1s fuerte se ubica en Barranca Grande (\u2026)\u201d.<\/p>\n\n\n\n<p>Consideraron que la respuesta del Gobierno del Estado ha sido muy lenta y esto es grave, \u201cno hemos visto acciones inmediatas ante este estos incendios por parte de las autoridades\u201d, se\u00f1al\u00f3.<\/p>\n\n\n\n<p>En otro orden de ideas dio a conocer que este domingo realizan un gran evento cultural, en el marco del D\u00eda Mundial del Medio Ambiente que se conmemorar\u00e1 este 5 de junio, se presentar\u00e1 el Segundo encuentro de Sones y d\u00e9cimas por la tierra: Voces del Bosque de Niebla.<\/p>\n\n\n\n<p>En este foro se reunir\u00e1n destacados artistas de la m\u00fasica regional; se llevar\u00e1 a cabo el pr\u00f3ximo domingo, en el Jard\u00edn de las Esculturas, en Xalapa.<\/p>\n\n\n\n<p>\u201cQuienes ya est\u00e1n componiendo versos sobre diferentes temas relacionados al medio ambiente, la conservaci\u00f3n de la tierra y su defensa; este es un proyecto que Rafael Bravo, presidente de la Asociaci\u00f3n, y yo lo llevamos pensado desde el a\u00f1o pasado; creemos que tiene mucha pertinencia, pero para este a\u00f1o le hemos agregado m\u00e1s cosas\u201d, inform\u00f3.<\/p>\n\n\n\n<p>Finalmente coment\u00f3 que, \u201cporque buscamos que este encuentro no sea meramente cultural (\u2026), sino que tambi\u00e9n sea un espacio de protesta, de alzar la voz, de educar y hacer conciencia en estos momentos que hace tanta falta con tantos incendios forestales, con tantas cosas que est\u00e1n poniendo en riesgo el medio ambiente\u201d.<\/p>\n","protected":false},"excerpt":{"rendered":"<p>Dar\u00edo Pale Xalapa, Ver.- Omar Mart\u00ednez Gonz\u00e1lez secretario general de la Asociaci\u00f3n Regalemos un Paraizoo A.C. dio a conocer que &#8220;Veracruz est\u00e1 en llamas&#8221;, por lo que lament\u00f3 la situaci\u00f3n que se est\u00e1 presentando en diferentes puntos del estado. En conferencia de prensa cuestionado con relaci\u00f3n a los incendios forestales que est\u00e1n activos en esta [&hellip;]<\/p>\n","protected":false},"author":2476,"featured_media":55277,"comment_status":"open","ping_status":"open","sticky":false,"template":"","format":"standard","meta":{"_jetpack_memberships_contains_paid_content":false,"footnotes":""},"categories":[3],"tags":[],"class_list":["post-55276","post","type-post","status-publish","format-standard","has-post-thumbnail","hentry","category-xalapa"],"jetpack_featured_media_url":"https:\/\/encuentroinformativo.com.mx\/wp-content\/uploads\/2024\/06\/IMG-20240604-WA0063.jpg","jetpack_sharing_enabled":true,"jetpack_likes_enabled":true,"amp_enabled":true,"_links":{"self":[{"href":"https:\/\/encuentroinformativo.com.mx\/index.php?rest_route=\/wp\/v2\/posts\/55276","targetHints":{"allow":["GET"]}}],"collection":[{"href":"https:\/\/encuentroinformativo.com.mx\/index.php?rest_route=\/wp\/v2\/posts"}],"about":[{"href":"https:\/\/encuentroinformativo.com.mx\/index.php?rest_route=\/wp\/v2\/types\/post"}],"author":[{"embeddable":true,"href":"https:\/\/encuentroinformativo.com.mx\/index.php?rest_route=\/wp\/v2\/users\/2476"}],"replies":[{"embeddable":true,"href":"https:\/\/encuentroinformativo.com.mx\/index.php?rest_route=%2Fwp%2Fv2%2Fcomments&post=55276"}],"version-history":[{"count":1,"href":"https:\/\/encuentroinformativo.com.mx\/index.php?rest_route=\/wp\/v2\/posts\/55276\/revisions"}],"predecessor-version":[{"id":55278,"href":"https:\/\/encuentroinformativo.com.mx\/index.php?rest_route=\/wp\/v2\/posts\/55276\/revisions\/55278"}],"wp:featuredmedia":[{"embeddable":true,"href":"https:\/\/encuentroinformativo.com.mx\/index.php?rest_route=\/wp\/v2\/media\/55277"}],"wp:attachment":[{"href":"https:\/\/encuentroinformativo.com.mx\/index.php?rest_route=%2Fwp%2Fv2%2Fmedia&parent=55276"}],"wp:term":[{"taxonomy":"category","embeddable":true,"href":"https:\/\/encuentroinformativo.com.mx\/index.php?rest_route=%2Fwp%2Fv2%2Fcategories&post=55276"},{"taxonomy":"post_tag","embeddable":true,"href":"https:\/\/encuentroinformativo.com.mx\/index.php?rest_route=%2Fwp%2Fv2%2Ftags&post=55276"}],"curies":[{"name":"wp","href":"https:\/\/api.w.org\/{rel}","templated":true}]}}