{"id":5528,"date":"2020-09-03T14:59:52","date_gmt":"2020-09-03T19:59:52","guid":{"rendered":"https:\/\/encuentroinformativo.com\/?p=5528"},"modified":"2020-09-03T14:59:55","modified_gmt":"2020-09-03T19:59:55","slug":"morena-de-pie-en-xalapa","status":"publish","type":"post","link":"https:\/\/encuentroinformativo.com.mx\/?p=5528","title":{"rendered":"Morena, de pie\u2026 en Xalapa"},"content":{"rendered":"\n<p><strong>Los Pol\u00edticos<\/strong><\/p>\n\n\n\n<p><strong>Salvador Mu\u00f1oz<\/strong><\/p>\n\n\n\n<p>No alcanz\u00f3 el espacio para comentar el asunto de Morena con Ricardo Ahued y la elecci\u00f3n por la presidencia municipal de Xalapa, pero es regla y tratamos de mantenerla, de darle al lector una cuartilla y cacho. Excedernos es abusar de su tiempo.<\/p>\n\n\n\n<p>En Morena, dec\u00edamos, ya encontraron la respuesta para contender con candidato de peso y tratar de mantener en sus manos a la capital del Estado tras el deprimente trabajo que viene haciendo Hip\u00f3lito Rodr\u00edguez Herrero\u2026 \u00a1imaginen! tan desesperado anda el alcalde en levantar su imagen que ahora en un acto populista, se pretende reducir su salario en pos de \u201chacer una coperacha\u201d para quienes atraviesan \u00a1desde hace 5 casi seis meses! una situaci\u00f3n econ\u00f3mica complicada por la pandemia\u2026 o hacerla de \u201cEsperancito\u201d limpiando Los Berros a unos d\u00edas de que el secretario de Gobierno, Eric Bola 8 Cisneros, rindiera honores patrios en dicho lugar. Bueno, pero el tema no es el triste papel de este alcalde, sino de c\u00f3mo podr\u00eda en un momento dado Morena mantener la capital en sus manos.<\/p>\n\n\n\n<p>Suspirantes como candidatos es lo que le sobran a Morena que van desde Ana Miriam Ferr\u00e1ez, Dorheny Garc\u00eda, Rosalinda Galindo, y hay quienes hacen changuitos porque Ernesto P\u00e9rez Astorga sea \u201cel bueno\u201d montado en la figura de Ricardo Ahued.<\/p>\n\n\n\n<p>Ahora con la menci\u00f3n del senador en el p\u00e1rrafo anterior, aprovechamos para precisar algo: si citamos a Ricardo Ahued, no nos refer\u00edamos al del esca\u00f1o en la C\u00e1mara Alta, sino a su hijo, Ricardo Ahued Scala, quien al igual que su padre, incursion\u00f3 en el negocio de las ventas pero con su propio estilo, o mejor dicho, con su propio \u201cLook\u201d, como se llaman sus tiendas de accesorios.<\/p>\n\n\n\n<p>No es la primera vez que los partidos pol\u00edticos ven en el joven empresario a un prospecto perfecto para que enmarque sus logos en la boleta\u2026 Morena no escapa a ello y m\u00e1s ahora, que tienen al padre como Senador del Movimiento.<\/p>\n\n\n\n<p>Ahued Scala es s\u00f3lo un rumor que va creciendo entre Morena cuando al interior del partido nom\u00e1s no ven que sus potenciales aspirantes a la candidatura municipal, crezcan\u2026 al contrario, nom\u00e1s no permean en el colectivo aun cuando algunas tienen marca registrada, sean cuates del Gobernador o est\u00e9n apoyadas por Cuitl\u00e1huac.<\/p>\n\n\n\n<p>En el caso del joven Ahued, su marca registrada no s\u00f3lo implica el ser conocida en la ciudad de Xalapa de arriba para abajo, sino que en \u00e9l, su apellido, lleva un ingrediente muy escaso en el espectro que se tiene de un pol\u00edtico sin que \u00e9l lo sea: Ahued, para muchos, es sin\u00f3nimo de honestidad, honradez, esfuerzo, trabajo, solidaridad, apoyo y las dem\u00e1s bondades que se le puedan endilgar.<\/p>\n\n\n\n<p>Ahora, una cosa es lo que pretenden los morenos, es decir, llevar a Ricardo Ahued Scala como su candidato, y otra, lo que el joven empresario quiera, piense y desee. Tambi\u00e9n, de cierto modo, ya la sola menci\u00f3n de su nombre es un tema a tratar en familia por lo que puede representar en el futuro pol\u00edtico\u2026 de su padre. Me explico:<\/p>\n\n\n\n<p>Para Morena, su candidata natural al 2024, es la actual secretaria de Energ\u00eda, Roc\u00edo Nahle por donde se encuentra en este momento. Aunque si le preguntaran a los ciudadanos a qui\u00e9n elegir\u00edan entre Nahle y Ahued, creo que la respuesta es m\u00e1s que obvia\u2026 s\u00ed, s\u00e9 que falta uno que otro detalle a la Constituci\u00f3n, pero a diferencia de Nahle, los veracruzanos con gusto le aplicar\u00edan la Ley Lara a Ahued.<\/p>\n\n\n\n<p>Otro detalle m\u00e1s: al interior del partido, en los grupos que se han conformado en Morena, ya hasta hacen la observaci\u00f3n de que si va Ahued Scala (ellos se refieren a \u201cel hijo de Ahued\u201d), el senador se parecer\u00eda a Julen Rementer\u00eda y Bingen (claro, con la diferencia de que el cachorro panista ya es diputado) o en otro caso, Miguel \u00c1ngel Yunes Linares y cualquiera de sus dos hijos; o tan similar a cualquier presidente municipal que ya candidatea a su esposa, pariente o dem\u00e1s para sucederlo o para amarrar una regidur\u00eda\u2026<\/p>\n\n\n\n<p>Se insiste: hasta este momento, no se conoce la posici\u00f3n de Ahued Scala que si es positiva, tendr\u00e1 que luchar contra el cord\u00f3n de plata que implica ser hijo de uno de los pol\u00edticos en este momento, mejor posicionado y m\u00e1s apreciado por los ciudadanos y los pol\u00edticos\u2026 Si pega el partido de AMLO con \u00e9l, podr\u00edamos hablar que Morena est\u00e1 de pie de lucha\u2026 al menos en Xalapa.<br><\/p>\n\n\n\n<p><a href=\"mailto:smcainito@gmail.com\" target=\"_blank\" rel=\"noreferrer noopener\">smcainito@gmail.com<\/a><\/p>\n","protected":false},"excerpt":{"rendered":"<p>Los Pol\u00edticos Salvador Mu\u00f1oz No alcanz\u00f3 el espacio para comentar el asunto de Morena con Ricardo Ahued y la elecci\u00f3n por la presidencia municipal de Xalapa, pero es regla y tratamos de mantenerla, de darle al lector una cuartilla y cacho. Excedernos es abusar de su tiempo. En Morena, dec\u00edamos, ya encontraron la respuesta para [&hellip;]<\/p>\n","protected":false},"author":1,"featured_media":387,"comment_status":"open","ping_status":"open","sticky":false,"template":"","format":"standard","meta":{"_jetpack_memberships_contains_paid_content":false,"footnotes":""},"categories":[11],"tags":[],"class_list":["post-5528","post","type-post","status-publish","format-standard","has-post-thumbnail","hentry","category-opinion"],"jetpack_featured_media_url":"https:\/\/encuentroinformativo.com.mx\/wp-content\/uploads\/2020\/03\/7CF8A22B-2764-47BE-8F7F-38FE9E5D6A2F.jpeg","jetpack_sharing_enabled":true,"jetpack_likes_enabled":true,"amp_enabled":true,"_links":{"self":[{"href":"https:\/\/encuentroinformativo.com.mx\/index.php?rest_route=\/wp\/v2\/posts\/5528","targetHints":{"allow":["GET"]}}],"collection":[{"href":"https:\/\/encuentroinformativo.com.mx\/index.php?rest_route=\/wp\/v2\/posts"}],"about":[{"href":"https:\/\/encuentroinformativo.com.mx\/index.php?rest_route=\/wp\/v2\/types\/post"}],"author":[{"embeddable":true,"href":"https:\/\/encuentroinformativo.com.mx\/index.php?rest_route=\/wp\/v2\/users\/1"}],"replies":[{"embeddable":true,"href":"https:\/\/encuentroinformativo.com.mx\/index.php?rest_route=%2Fwp%2Fv2%2Fcomments&post=5528"}],"version-history":[{"count":1,"href":"https:\/\/encuentroinformativo.com.mx\/index.php?rest_route=\/wp\/v2\/posts\/5528\/revisions"}],"predecessor-version":[{"id":5529,"href":"https:\/\/encuentroinformativo.com.mx\/index.php?rest_route=\/wp\/v2\/posts\/5528\/revisions\/5529"}],"wp:featuredmedia":[{"embeddable":true,"href":"https:\/\/encuentroinformativo.com.mx\/index.php?rest_route=\/wp\/v2\/media\/387"}],"wp:attachment":[{"href":"https:\/\/encuentroinformativo.com.mx\/index.php?rest_route=%2Fwp%2Fv2%2Fmedia&parent=5528"}],"wp:term":[{"taxonomy":"category","embeddable":true,"href":"https:\/\/encuentroinformativo.com.mx\/index.php?rest_route=%2Fwp%2Fv2%2Fcategories&post=5528"},{"taxonomy":"post_tag","embeddable":true,"href":"https:\/\/encuentroinformativo.com.mx\/index.php?rest_route=%2Fwp%2Fv2%2Ftags&post=5528"}],"curies":[{"name":"wp","href":"https:\/\/api.w.org\/{rel}","templated":true}]}}