{"id":55287,"date":"2024-06-04T13:05:06","date_gmt":"2024-06-04T19:05:06","guid":{"rendered":"https:\/\/encuentroinformativo.com.mx\/?p=55287"},"modified":"2024-06-04T13:05:11","modified_gmt":"2024-06-04T19:05:11","slug":"cfe-es-indolente-reclaman-vecinos-de-veracruz-puerto-tras-muerte-de-menor-electrocutado","status":"publish","type":"post","link":"https:\/\/encuentroinformativo.com.mx\/?p=55287","title":{"rendered":"CFE es indolente, reclaman vecinos de Veracruz puerto, tras muerte de menor electrocutado"},"content":{"rendered":"\n<p><strong>Alejandro \u00c1vila<\/strong><\/p>\n\n\n\n<p>Veracruz, Ver.- Vecinos de la colonia La Laguna en el poniente del municipio de Veracruz, denunciaron que est\u00e1 a punto de cumplirse un a\u00f1o de la muerte de un menor de edad por descarga el\u00e9ctrica, y es la fecha en que la Comisi\u00f3n Federal de Electricidad (CFE) no ha arreglado el problema.<\/p>\n\n\n\n<p>Mar\u00eda Teresa L\u00f3pez Hern\u00e1ndez, vocera de los inconformes, relat\u00f3 que el pasado 29 de julio del 2023, el peque\u00f1o de 13 a\u00f1os, Ibemael Mena Pacheco, sufri\u00f3 una descarga el\u00e9ctrica originada por la falta de mantenimiento y supervisi\u00f3n de las lineas el\u00e9ctricas; los hechos ocurrieron alrededor de las 12 horas, en la calle Vasco de Quiroga entre \u00c1rbol del Pan y \u00c1rbol de la Pochota de la mencionada colonia.<\/p>\n\n\n\n<p>&#8220;Somos portavoces de un justo reclamo y demandamos pronta atenci\u00f3n, pues a pesar de que en los mismos d\u00edas que falleci\u00f3 el ni\u00f1o Ibemael, empleados de Comisi\u00f3n Federal se presentaron en la calle Vasco de Quiroga, dando cuenta de la falta de mantenimiento de sus propias l\u00edneas el\u00e9ctricas, y no tuvieron ni tienen la voluntad de arreglarlas, ya que hasta el d\u00eda de hoy siguen exactamente igual, Dejando todo en condiciones para que otra tragedia se de&#8221;, expres\u00f3 la se\u00f1ora Mar\u00eda Teresa.<\/p>\n\n\n\n<p>A pesar de los oficios, las denuncias penales y, que se encuentra una escuela primaria cerca de donde fue el incidente, la llamada &#8220;Empresa de Clase Mundial&#8221;, CFE, ha hecho caso omiso de la solicitud de los colonos.<\/p>\n\n\n\n<p>&#8220;Comisi\u00f3n Federal tambi\u00e9n es una empresa indolente y despiadada, pues hasta el d\u00eda de hoy no se ha acercado a la familia de Ibemael, que qued\u00f3 destrozada y sin alivio por esa tragedia, no se ha acercado ni para dar la cara, ni una disculpa ni mucho menos el p\u00e9same. Ya ni se diga para alg\u00fan tipo de reparaci\u00f3n compensatoria, ayuda para los gastos f\u00fanebres&#8221;, reclam\u00f3.<\/p>\n","protected":false},"excerpt":{"rendered":"<p>Alejandro \u00c1vila Veracruz, Ver.- Vecinos de la colonia La Laguna en el poniente del municipio de Veracruz, denunciaron que est\u00e1 a punto de cumplirse un a\u00f1o de la muerte de un menor de edad por descarga el\u00e9ctrica, y es la fecha en que la Comisi\u00f3n Federal de Electricidad (CFE) no ha arreglado el problema. Mar\u00eda [&hellip;]<\/p>\n","protected":false},"author":2476,"featured_media":55288,"comment_status":"open","ping_status":"open","sticky":false,"template":"","format":"standard","meta":{"_jetpack_memberships_contains_paid_content":false,"footnotes":""},"categories":[2],"tags":[],"class_list":["post-55287","post","type-post","status-publish","format-standard","has-post-thumbnail","hentry","category-estado"],"jetpack_featured_media_url":"https:\/\/encuentroinformativo.com.mx\/wp-content\/uploads\/2024\/06\/IMG-20240604-WA0089.jpg","jetpack_sharing_enabled":true,"jetpack_likes_enabled":true,"amp_enabled":true,"_links":{"self":[{"href":"https:\/\/encuentroinformativo.com.mx\/index.php?rest_route=\/wp\/v2\/posts\/55287","targetHints":{"allow":["GET"]}}],"collection":[{"href":"https:\/\/encuentroinformativo.com.mx\/index.php?rest_route=\/wp\/v2\/posts"}],"about":[{"href":"https:\/\/encuentroinformativo.com.mx\/index.php?rest_route=\/wp\/v2\/types\/post"}],"author":[{"embeddable":true,"href":"https:\/\/encuentroinformativo.com.mx\/index.php?rest_route=\/wp\/v2\/users\/2476"}],"replies":[{"embeddable":true,"href":"https:\/\/encuentroinformativo.com.mx\/index.php?rest_route=%2Fwp%2Fv2%2Fcomments&post=55287"}],"version-history":[{"count":1,"href":"https:\/\/encuentroinformativo.com.mx\/index.php?rest_route=\/wp\/v2\/posts\/55287\/revisions"}],"predecessor-version":[{"id":55289,"href":"https:\/\/encuentroinformativo.com.mx\/index.php?rest_route=\/wp\/v2\/posts\/55287\/revisions\/55289"}],"wp:featuredmedia":[{"embeddable":true,"href":"https:\/\/encuentroinformativo.com.mx\/index.php?rest_route=\/wp\/v2\/media\/55288"}],"wp:attachment":[{"href":"https:\/\/encuentroinformativo.com.mx\/index.php?rest_route=%2Fwp%2Fv2%2Fmedia&parent=55287"}],"wp:term":[{"taxonomy":"category","embeddable":true,"href":"https:\/\/encuentroinformativo.com.mx\/index.php?rest_route=%2Fwp%2Fv2%2Fcategories&post=55287"},{"taxonomy":"post_tag","embeddable":true,"href":"https:\/\/encuentroinformativo.com.mx\/index.php?rest_route=%2Fwp%2Fv2%2Ftags&post=55287"}],"curies":[{"name":"wp","href":"https:\/\/api.w.org\/{rel}","templated":true}]}}