{"id":55290,"date":"2024-06-04T13:07:33","date_gmt":"2024-06-04T19:07:33","guid":{"rendered":"https:\/\/encuentroinformativo.com.mx\/?p=55290"},"modified":"2024-06-04T13:07:40","modified_gmt":"2024-06-04T19:07:40","slug":"grupo-mas-dejo-sin-agua-a-la-huaca-y-no-aviso-reclama-noemi-palomino","status":"publish","type":"post","link":"https:\/\/encuentroinformativo.com.mx\/?p=55290","title":{"rendered":"Grupo MAS dej\u00f3 sin agua a La Huaca y no avis\u00f3 reclama Noem\u00ed Palomino"},"content":{"rendered":"\n<p><strong>Alejandro \u00c1vila<\/strong><\/p>\n\n\n\n<p>Veracruz, Ver.- La activista y vocera del barrio de La Huaca, Noem\u00ed Palomino Galv\u00e1n, reclam\u00f3 a la empresa que administra el agua en el municipio de Veracruz, Grupo MAS, que no haya avisado sobre el desabasto del l\u00edquido que se presentar\u00eda este martes, situaci\u00f3n que molest\u00f3 a muchos vecinos ya que no pudieron guardar agua.<\/p>\n\n\n\n<p>&#8220;Hoy en La Huaca amanecimos sin agua, como dice por ah\u00ed alguien, no nos pudimos ni lavar el chiquito, lo tuvimos que hacer con esas toallas que venden. En fin, yo lanzo una verdadera protesta y no voy a tomar calles, ni voy a hacer algo que lastime a la ciudadan\u00eda porque yo creo que todos est\u00e1n padeciendo de lo mismo. Amanecimos hoy sin agua, La Huaca no tiene agua ni sus alrededores, y cuando ha salido, pues es momento de decirlo, sale de una manera terriblemente sucia, y la verdad, como no avisan, pues la gente no est\u00e1 previendo ni apartando agua, y habemos quienes tenemos un aljibe o esos tanques que est\u00e1n en las azoteas, pero se acaba porque no hay presi\u00f3n de agua en todo Veracruz&#8221;, reclam\u00f3.<\/p>\n\n\n\n<p>La docente de profesi\u00f3n se\u00f1al\u00f3 que, tanto Comisi\u00f3n Federal de Electricidad (CFE) como Grupo MAS, es decir, los proveedores de energ\u00eda el\u00e9ctrica y agua, les quedan debiendo a las m\u00e1s de 2 mil familias afectadas en el barrio m\u00e1s popular del municipio de Veracruz.<\/p>\n\n\n\n<p>&#8220;Yo creo que es f\u00e1cil en todo el pol\u00edgono b hay m\u00e1s de 2 mil familias afectadas. Hay quien ya se prev\u00e9 porque tenemos un peque\u00f1o Rotoplas, perd\u00f3n por el anuncio, pero no puede ser posible, nosotros estamos acostumbrados al agua fluida y si no llega hoy, de donde vamos a agarrar para las cuestiones m\u00e1s elementales, que es ba\u00f1arnos e ir al ba\u00f1o&#8221;, expres\u00f3.<\/p>\n","protected":false},"excerpt":{"rendered":"<p>Alejandro \u00c1vila Veracruz, Ver.- La activista y vocera del barrio de La Huaca, Noem\u00ed Palomino Galv\u00e1n, reclam\u00f3 a la empresa que administra el agua en el municipio de Veracruz, Grupo MAS, que no haya avisado sobre el desabasto del l\u00edquido que se presentar\u00eda este martes, situaci\u00f3n que molest\u00f3 a muchos vecinos ya que no pudieron [&hellip;]<\/p>\n","protected":false},"author":2476,"featured_media":55291,"comment_status":"open","ping_status":"open","sticky":false,"template":"","format":"standard","meta":{"_jetpack_memberships_contains_paid_content":false,"footnotes":""},"categories":[2],"tags":[],"class_list":["post-55290","post","type-post","status-publish","format-standard","has-post-thumbnail","hentry","category-estado"],"jetpack_featured_media_url":"https:\/\/encuentroinformativo.com.mx\/wp-content\/uploads\/2024\/06\/IMG-20240604-WA0098.jpg","jetpack_sharing_enabled":true,"jetpack_likes_enabled":true,"amp_enabled":true,"_links":{"self":[{"href":"https:\/\/encuentroinformativo.com.mx\/index.php?rest_route=\/wp\/v2\/posts\/55290","targetHints":{"allow":["GET"]}}],"collection":[{"href":"https:\/\/encuentroinformativo.com.mx\/index.php?rest_route=\/wp\/v2\/posts"}],"about":[{"href":"https:\/\/encuentroinformativo.com.mx\/index.php?rest_route=\/wp\/v2\/types\/post"}],"author":[{"embeddable":true,"href":"https:\/\/encuentroinformativo.com.mx\/index.php?rest_route=\/wp\/v2\/users\/2476"}],"replies":[{"embeddable":true,"href":"https:\/\/encuentroinformativo.com.mx\/index.php?rest_route=%2Fwp%2Fv2%2Fcomments&post=55290"}],"version-history":[{"count":1,"href":"https:\/\/encuentroinformativo.com.mx\/index.php?rest_route=\/wp\/v2\/posts\/55290\/revisions"}],"predecessor-version":[{"id":55292,"href":"https:\/\/encuentroinformativo.com.mx\/index.php?rest_route=\/wp\/v2\/posts\/55290\/revisions\/55292"}],"wp:featuredmedia":[{"embeddable":true,"href":"https:\/\/encuentroinformativo.com.mx\/index.php?rest_route=\/wp\/v2\/media\/55291"}],"wp:attachment":[{"href":"https:\/\/encuentroinformativo.com.mx\/index.php?rest_route=%2Fwp%2Fv2%2Fmedia&parent=55290"}],"wp:term":[{"taxonomy":"category","embeddable":true,"href":"https:\/\/encuentroinformativo.com.mx\/index.php?rest_route=%2Fwp%2Fv2%2Fcategories&post=55290"},{"taxonomy":"post_tag","embeddable":true,"href":"https:\/\/encuentroinformativo.com.mx\/index.php?rest_route=%2Fwp%2Fv2%2Ftags&post=55290"}],"curies":[{"name":"wp","href":"https:\/\/api.w.org\/{rel}","templated":true}]}}