{"id":55293,"date":"2024-06-04T13:13:23","date_gmt":"2024-06-04T19:13:23","guid":{"rendered":"https:\/\/encuentroinformativo.com.mx\/?p=55293"},"modified":"2024-06-04T13:14:21","modified_gmt":"2024-06-04T19:14:21","slug":"impugnara-pepe-yunes-resultados-acusa-inconsistencias","status":"publish","type":"post","link":"https:\/\/encuentroinformativo.com.mx\/?p=55293","title":{"rendered":"Impugnar\u00e1 Pepe Yunes resultados, acusa inconsistencias"},"content":{"rendered":"\n<p><strong>Dar\u00edo Pale <\/strong><\/p>\n\n\n\n<p>Xalapa, Ver.- Da a conocer que impugnar\u00e1 los resultados de la elecci\u00f3n de este domingo 2 de junio, dice que reconoci\u00f3 su derrota con base en los resultados preliminares, pero hay inconsistencias, as\u00ed lo inform\u00f3 el candidato a la gubernatura de Veracruz, por la coalici\u00f3n Fuerza y Coraz\u00f3n por Veracruz, Jos\u00e9 Francisco Yunes Zorrilla<\/p>\n\n\n\n<p>Reconoci\u00f3 que apenas este lunes admiti\u00f3 su derrota pr\u00e1cticamente dos a uno, pero dijo que ello fue con base en los resultados preliminares, &#8220;y subray\u00f3 el concepto de resultados preliminares que tendr\u00e1n que oficializarse en el c\u00f3mputo distrital el d\u00eda de ma\u00f1ana&#8221;.<\/p>\n\n\n\n<p>&#8220;Con base en los resultados preliminares que present\u00f3 el PREP del OPLE sal\u00ed a reconocer que los resultados no me eran favorables&#8221;, se\u00f1al\u00f3.<\/p>\n\n\n\n<p>Sin embargo, despu\u00e9s de cotejar las actas que les presentaron los representantes de los partidos pol\u00edticos y que se validar\u00e1n este mi\u00e9rcoles, notaron que hay razones y argumentos de sobra para impugnar esta elecci\u00f3n y que sean los tribunales electorales los que determinen, en defensa de la voluntad ciudadana, cu\u00e1l fue el sentido del voto de los veracruzanos.<\/p>\n\n\n\n<p>Pepe Yunes defini\u00f3 que los plazos legales son claros, por lo que primero se debe llevar a cabo la sesi\u00f3n de c\u00f3mputo este mi\u00e9rcoles, pero reiter\u00f3 que los resultados preliminares no ser\u00e1n los mismos a los resultados oficiales.<\/p>\n\n\n\n<p>&#8220;Y por eso estar\u00edamos presentando un recurso de impugnaci\u00f3n, pero eso hay que verlo en funci\u00f3n de lo que suceda en los c\u00f3mputos de ma\u00f1ana y la impugnaci\u00f3n formal se presentar\u00e1 posteriormente a que resuelva el Consejo General del OPLE el sentido de la elecci\u00f3n&#8221;, manifest\u00f3.<\/p>\n\n\n\n<p>Por \u00faltimo el candidato de la coalici\u00f3n Fuerza y Coraz\u00f3n por Veracruz, dijo que har\u00e1n valer, como dem\u00f3cratas que son, cada uno de los votos expresados en las urnas, a favor o en contra, &#8220;que sea lo que los veracruzanos limpiamente determinaron, lo que riga los pr\u00f3ximos seis a\u00f1os en Veracruz&#8221;.<\/p>\n","protected":false},"excerpt":{"rendered":"<p>Dar\u00edo Pale Xalapa, Ver.- Da a conocer que impugnar\u00e1 los resultados de la elecci\u00f3n de este domingo 2 de junio, dice que reconoci\u00f3 su derrota con base en los resultados preliminares, pero hay inconsistencias, as\u00ed lo inform\u00f3 el candidato a la gubernatura de Veracruz, por la coalici\u00f3n Fuerza y Coraz\u00f3n por Veracruz, Jos\u00e9 Francisco Yunes [&hellip;]<\/p>\n","protected":false},"author":2476,"featured_media":55296,"comment_status":"open","ping_status":"open","sticky":false,"template":"","format":"standard","meta":{"_jetpack_memberships_contains_paid_content":false,"footnotes":""},"categories":[2],"tags":[],"class_list":["post-55293","post","type-post","status-publish","format-standard","has-post-thumbnail","hentry","category-estado"],"jetpack_featured_media_url":"https:\/\/encuentroinformativo.com.mx\/wp-content\/uploads\/2024\/06\/IMG-20240604-WA00882.jpg","jetpack_sharing_enabled":true,"jetpack_likes_enabled":true,"amp_enabled":true,"_links":{"self":[{"href":"https:\/\/encuentroinformativo.com.mx\/index.php?rest_route=\/wp\/v2\/posts\/55293","targetHints":{"allow":["GET"]}}],"collection":[{"href":"https:\/\/encuentroinformativo.com.mx\/index.php?rest_route=\/wp\/v2\/posts"}],"about":[{"href":"https:\/\/encuentroinformativo.com.mx\/index.php?rest_route=\/wp\/v2\/types\/post"}],"author":[{"embeddable":true,"href":"https:\/\/encuentroinformativo.com.mx\/index.php?rest_route=\/wp\/v2\/users\/2476"}],"replies":[{"embeddable":true,"href":"https:\/\/encuentroinformativo.com.mx\/index.php?rest_route=%2Fwp%2Fv2%2Fcomments&post=55293"}],"version-history":[{"count":1,"href":"https:\/\/encuentroinformativo.com.mx\/index.php?rest_route=\/wp\/v2\/posts\/55293\/revisions"}],"predecessor-version":[{"id":55295,"href":"https:\/\/encuentroinformativo.com.mx\/index.php?rest_route=\/wp\/v2\/posts\/55293\/revisions\/55295"}],"wp:featuredmedia":[{"embeddable":true,"href":"https:\/\/encuentroinformativo.com.mx\/index.php?rest_route=\/wp\/v2\/media\/55296"}],"wp:attachment":[{"href":"https:\/\/encuentroinformativo.com.mx\/index.php?rest_route=%2Fwp%2Fv2%2Fmedia&parent=55293"}],"wp:term":[{"taxonomy":"category","embeddable":true,"href":"https:\/\/encuentroinformativo.com.mx\/index.php?rest_route=%2Fwp%2Fv2%2Fcategories&post=55293"},{"taxonomy":"post_tag","embeddable":true,"href":"https:\/\/encuentroinformativo.com.mx\/index.php?rest_route=%2Fwp%2Fv2%2Ftags&post=55293"}],"curies":[{"name":"wp","href":"https:\/\/api.w.org\/{rel}","templated":true}]}}