{"id":55298,"date":"2024-06-04T13:48:24","date_gmt":"2024-06-04T19:48:24","guid":{"rendered":"https:\/\/encuentroinformativo.com.mx\/?p=55298"},"modified":"2024-06-04T13:48:29","modified_gmt":"2024-06-04T19:48:29","slug":"instalan-centro-de-acopio-para-apoyar-a-combatientes-de-incendio-forestal","status":"publish","type":"post","link":"https:\/\/encuentroinformativo.com.mx\/?p=55298","title":{"rendered":"Instalan centro de acopio, para apoyar a combatientes de incendio forestal"},"content":{"rendered":"\n<p><strong>Juan Arcos <\/strong><\/p>\n\n\n\n<p>Xalapa, Ver.- Pobladores de Ixhuac\u00e1n de los Reyes y Cosautl\u00e1n de Carvajal instalaron un centro de acopio frente a Palacio de Gobierno, en la ciudad de Xalapa, para apoyar a los voluntarios y brigadistas que combaten el incendio forestal en Barranca Grande.<\/p>\n\n\n\n<p>Se est\u00e1 recaudando ayuda para combatir los incendios en las monta\u00f1as de Veracruz. Indicaron que la situaci\u00f3n es grave y se necesita apoyo a\u00e9reo del gobierno.<\/p>\n\n\n\n<p>De acuerdo con Damaris G\u00f3mez, de la localidad Barranca Grande, hasta el momento las autoridades de Veracruz no han actuado y presuntamente solo se difunden mentiras al respecto.<\/p>\n\n\n\n<p>La entrevistada indic\u00f3 que el incendio forestal est\u00e1 activo desde el pasado 18 de mayo, por ello, la desesperaci\u00f3n de la gente y los bloqueos carreteros por parte de otros grupos de personas.<\/p>\n\n\n\n<p>En el centro de Xalapa, sobre Plaza Sebasti\u00e1n Lerdo de Tejada, se acopia agua embotellada, alimentos no perecederos y hasta materiales de curaci\u00f3n, pues afirman que hay voluntarios que sufrieron quemaduras mientras combat\u00edan el fuego.<\/p>\n\n\n\n<p>Tambi\u00e9n neg\u00f3 que la protesta tenga tintes pol\u00edticos y afirm\u00f3 que la desesperaci\u00f3n de la gente por la gravedad del incendio forestal es real, pues est\u00e1n murieron animales silvestres y el fuego arrasa con los \u00e1rboles.<\/p>\n\n\n\n<figure class=\"wp-block-image size-large\"><img loading=\"lazy\" decoding=\"async\" width=\"1024\" height=\"768\" src=\"https:\/\/encuentroinformativo.com.mx\/wp-content\/uploads\/2024\/06\/IMG_8393-1024x768.jpg\" alt=\"\" class=\"wp-image-55300\" srcset=\"https:\/\/encuentroinformativo.com.mx\/wp-content\/uploads\/2024\/06\/IMG_8393-1024x768.jpg 1024w, https:\/\/encuentroinformativo.com.mx\/wp-content\/uploads\/2024\/06\/IMG_8393-300x225.jpg 300w, https:\/\/encuentroinformativo.com.mx\/wp-content\/uploads\/2024\/06\/IMG_8393-768x576.jpg 768w, https:\/\/encuentroinformativo.com.mx\/wp-content\/uploads\/2024\/06\/IMG_8393-1536x1152.jpg 1536w, https:\/\/encuentroinformativo.com.mx\/wp-content\/uploads\/2024\/06\/IMG_8393.jpg 2016w\" sizes=\"auto, (max-width: 1024px) 100vw, 1024px\" \/><\/figure>\n","protected":false},"excerpt":{"rendered":"<p>Juan Arcos Xalapa, Ver.- Pobladores de Ixhuac\u00e1n de los Reyes y Cosautl\u00e1n de Carvajal instalaron un centro de acopio frente a Palacio de Gobierno, en la ciudad de Xalapa, para apoyar a los voluntarios y brigadistas que combaten el incendio forestal en Barranca Grande. Se est\u00e1 recaudando ayuda para combatir los incendios en las monta\u00f1as [&hellip;]<\/p>\n","protected":false},"author":2476,"featured_media":55299,"comment_status":"open","ping_status":"open","sticky":false,"template":"","format":"standard","meta":{"_jetpack_memberships_contains_paid_content":false,"footnotes":""},"categories":[3],"tags":[],"class_list":["post-55298","post","type-post","status-publish","format-standard","has-post-thumbnail","hentry","category-xalapa"],"jetpack_featured_media_url":"https:\/\/encuentroinformativo.com.mx\/wp-content\/uploads\/2024\/06\/IMG_8384.jpg","jetpack_sharing_enabled":true,"jetpack_likes_enabled":true,"amp_enabled":true,"_links":{"self":[{"href":"https:\/\/encuentroinformativo.com.mx\/index.php?rest_route=\/wp\/v2\/posts\/55298","targetHints":{"allow":["GET"]}}],"collection":[{"href":"https:\/\/encuentroinformativo.com.mx\/index.php?rest_route=\/wp\/v2\/posts"}],"about":[{"href":"https:\/\/encuentroinformativo.com.mx\/index.php?rest_route=\/wp\/v2\/types\/post"}],"author":[{"embeddable":true,"href":"https:\/\/encuentroinformativo.com.mx\/index.php?rest_route=\/wp\/v2\/users\/2476"}],"replies":[{"embeddable":true,"href":"https:\/\/encuentroinformativo.com.mx\/index.php?rest_route=%2Fwp%2Fv2%2Fcomments&post=55298"}],"version-history":[{"count":1,"href":"https:\/\/encuentroinformativo.com.mx\/index.php?rest_route=\/wp\/v2\/posts\/55298\/revisions"}],"predecessor-version":[{"id":55301,"href":"https:\/\/encuentroinformativo.com.mx\/index.php?rest_route=\/wp\/v2\/posts\/55298\/revisions\/55301"}],"wp:featuredmedia":[{"embeddable":true,"href":"https:\/\/encuentroinformativo.com.mx\/index.php?rest_route=\/wp\/v2\/media\/55299"}],"wp:attachment":[{"href":"https:\/\/encuentroinformativo.com.mx\/index.php?rest_route=%2Fwp%2Fv2%2Fmedia&parent=55298"}],"wp:term":[{"taxonomy":"category","embeddable":true,"href":"https:\/\/encuentroinformativo.com.mx\/index.php?rest_route=%2Fwp%2Fv2%2Fcategories&post=55298"},{"taxonomy":"post_tag","embeddable":true,"href":"https:\/\/encuentroinformativo.com.mx\/index.php?rest_route=%2Fwp%2Fv2%2Ftags&post=55298"}],"curies":[{"name":"wp","href":"https:\/\/api.w.org\/{rel}","templated":true}]}}