{"id":55302,"date":"2024-06-04T14:31:07","date_gmt":"2024-06-04T20:31:07","guid":{"rendered":"https:\/\/encuentroinformativo.com.mx\/?p=55302"},"modified":"2024-06-04T14:31:13","modified_gmt":"2024-06-04T20:31:13","slug":"se-mantienen-20-incendios-forestales-activos-en-veracruz","status":"publish","type":"post","link":"https:\/\/encuentroinformativo.com.mx\/?p=55302","title":{"rendered":"Se mantienen 20 incendios forestales activos en Veracruz"},"content":{"rendered":"\n<p><strong>Dar\u00edo Pale<\/strong><\/p>\n\n\n\n<p>Xalapa, Ver.- 20 incendios forestales activos en Veracruz, todos provocados, la secretaria de Protecci\u00f3n Civil del Estado, Guadalupe Osorno Maldonado, denunci\u00f3 que en la gran mayor\u00eda son por vandalismo\u00a0<\/p>\n\n\n\n<p>En conferencia de prensa, se\u00f1al\u00f3 que los siniestros que est\u00e1n activos fueron provocados por personas y asegur\u00f3 que fueron, en algunos casos, por actos de vandalismo.<\/p>\n\n\n\n<p>Explic\u00f3 que en el caso del incendio de Quimixtl\u00e1n, pegado a los municipios de Ixhuatl\u00e1n de Los Reyes y Cosautl\u00e1n de Carvajal, a\u00fan est\u00e1 del lado de Puebla, por lo que no se contabiliza como parte de esos 20 incendios activos en Veracruz.<\/p>\n\n\n\n<p>&#8220;En la actualidad tenemos 20 \u00a0incendios forestales activos, es importante se\u00f1alar que todos han sido provocados ya sea por actividades de descuido, \u00a0actividades agr\u00edcolas o por algunas otras que tienen que ver con vandalismo u otras acciones que se est\u00e1n investigando&#8221;, se\u00f1al\u00f3.<\/p>\n\n\n\n<p>La funcionaria estatal explic\u00f3 que lo anterior obedece a, &#8220;que tenemos pr\u00e1cticamente un mes con una ola de calor, \u00a0escasez de agua y \u00a0temperaturas muy altas en todo el estado lo cual ha complicado en el el tema de los incendios tanto forestales como pastizales&#8221;.<\/p>\n\n\n\n<p>Los 20 incendios se combaten, algunos ya est\u00e1n en su etapa final y otros se mantienen controlados.<\/p>\n\n\n\n<p>Finalmente Osorno Maldonado, adelant\u00f3 que la ola de calor \u00a0continuar\u00e1 y se estima que presente las temperaturas muy altas de los \u00faltimos d\u00edas entre hoy martes y el jueves, por lo que es importante reforzar las medidas para prevenir incendios forestales.<\/p>\n","protected":false},"excerpt":{"rendered":"<p>Dar\u00edo Pale Xalapa, Ver.- 20 incendios forestales activos en Veracruz, todos provocados, la secretaria de Protecci\u00f3n Civil del Estado, Guadalupe Osorno Maldonado, denunci\u00f3 que en la gran mayor\u00eda son por vandalismo\u00a0 En conferencia de prensa, se\u00f1al\u00f3 que los siniestros que est\u00e1n activos fueron provocados por personas y asegur\u00f3 que fueron, en algunos casos, por actos [&hellip;]<\/p>\n","protected":false},"author":2476,"featured_media":55303,"comment_status":"open","ping_status":"open","sticky":false,"template":"","format":"standard","meta":{"_jetpack_memberships_contains_paid_content":false,"footnotes":""},"categories":[2],"tags":[],"class_list":["post-55302","post","type-post","status-publish","format-standard","has-post-thumbnail","hentry","category-estado"],"jetpack_featured_media_url":"https:\/\/encuentroinformativo.com.mx\/wp-content\/uploads\/2024\/06\/IMG-20240604-WA0115.jpg","jetpack_sharing_enabled":true,"jetpack_likes_enabled":true,"amp_enabled":true,"_links":{"self":[{"href":"https:\/\/encuentroinformativo.com.mx\/index.php?rest_route=\/wp\/v2\/posts\/55302","targetHints":{"allow":["GET"]}}],"collection":[{"href":"https:\/\/encuentroinformativo.com.mx\/index.php?rest_route=\/wp\/v2\/posts"}],"about":[{"href":"https:\/\/encuentroinformativo.com.mx\/index.php?rest_route=\/wp\/v2\/types\/post"}],"author":[{"embeddable":true,"href":"https:\/\/encuentroinformativo.com.mx\/index.php?rest_route=\/wp\/v2\/users\/2476"}],"replies":[{"embeddable":true,"href":"https:\/\/encuentroinformativo.com.mx\/index.php?rest_route=%2Fwp%2Fv2%2Fcomments&post=55302"}],"version-history":[{"count":1,"href":"https:\/\/encuentroinformativo.com.mx\/index.php?rest_route=\/wp\/v2\/posts\/55302\/revisions"}],"predecessor-version":[{"id":55304,"href":"https:\/\/encuentroinformativo.com.mx\/index.php?rest_route=\/wp\/v2\/posts\/55302\/revisions\/55304"}],"wp:featuredmedia":[{"embeddable":true,"href":"https:\/\/encuentroinformativo.com.mx\/index.php?rest_route=\/wp\/v2\/media\/55303"}],"wp:attachment":[{"href":"https:\/\/encuentroinformativo.com.mx\/index.php?rest_route=%2Fwp%2Fv2%2Fmedia&parent=55302"}],"wp:term":[{"taxonomy":"category","embeddable":true,"href":"https:\/\/encuentroinformativo.com.mx\/index.php?rest_route=%2Fwp%2Fv2%2Fcategories&post=55302"},{"taxonomy":"post_tag","embeddable":true,"href":"https:\/\/encuentroinformativo.com.mx\/index.php?rest_route=%2Fwp%2Fv2%2Ftags&post=55302"}],"curies":[{"name":"wp","href":"https:\/\/api.w.org\/{rel}","templated":true}]}}