{"id":55316,"date":"2024-06-05T12:14:57","date_gmt":"2024-06-05T18:14:57","guid":{"rendered":"https:\/\/encuentroinformativo.com.mx\/?p=55316"},"modified":"2024-06-05T12:15:02","modified_gmt":"2024-06-05T18:15:02","slug":"ante-incendios-grupo-de-veterinarios-sube-a-la-montana-para-atender-animalitos","status":"publish","type":"post","link":"https:\/\/encuentroinformativo.com.mx\/?p=55316","title":{"rendered":"Ante incendios, grupo de veterinarios sube a la monta\u00f1a para atender animalitos"},"content":{"rendered":"\n<p><strong>Juan Arcos <\/strong><\/p>\n\n\n\n<p>Xalapa, Ver.- Un grupo de m\u00e9dicos veterinarios subi\u00f3 a la monta\u00f1a en la zona de Barranca Grande, municipio de Ixhuac\u00e1n de los Reyes, para atender a la fauna que ha sido v\u00edctima del incendio forestal.<\/p>\n\n\n\n<p>De acuerdo con Noem\u00ed Lara, integrante del grupo de especialistas, el fuego fue controlado desde la noche del martes 4 de junio, gracias a la presencia de un gran n\u00famero de brigadistas y voluntarios que se sumaron al combate.<\/p>\n\n\n\n<p>Tambi\u00e9n detall\u00f3 que se habla de varios animales muertos por la afectaci\u00f3n que ocasion\u00f3 el incendio forestal en la zona central monta\u00f1osa del estado de Veracruz.<\/p>\n\n\n\n<p>\u201cYa est\u00e1 contenido el incendio. Ellos estuvieron hoy haciendo muchas brechas. S\u00ed nos comentaron, obviamente, que encontraron much\u00edsimos animales muertos y claro que la zona que qued\u00f3 detr\u00e1s de la brecha, que sigue con fuego, pues seguramente ah\u00ed hay animales, pero no se puede hacer algo por ellos\u201d, detall\u00f3.<\/p>\n\n\n\n<p>Ellos dialogaron con autoridades de Ixhuac\u00e1n de los Reyes, quienes aseguraron que este mi\u00e9rcoles aumentar\u00eda el apoyo a\u00e9reo en la zona del incendio, ahora por parte de la Secretar\u00eda de Marina-Armada de M\u00e9xico (Semar).<\/p>\n\n\n\n<p>\u201cNosotros llegamos buscando pues un lugar en donde tuvieran fauna resguardada que necesitara atenci\u00f3n inmediata o fauna que se tuviera que transportar a alguna cl\u00ednica, pero no hay nada de eso. Entonces lo que nos sugirieron era durante el d\u00eda, o sea a partir de las ocho de la ma\u00f1ana, organizar brigadas peque\u00f1as de cinco a ocho personas m\u00e1s o menos, porque se tiene que subir en todo caso y buscar si hay fauna, pero insistieron mucho en que s\u00ed vieron pasar fauna, pero no pues no animales que requirieran atenci\u00f3n\u201d, detall\u00f3 Noem\u00ed.<\/p>\n\n\n\n<p>Los m\u00e9dicos veterinarios dialogaron directamente con las personas que estuvieron trabajando en la brecha, quienes les mencionaron que a\u00fan se requiere ayuda para liquidar el incendio en los l\u00edmites con Quimixtl\u00e1n, estado de Puebla.<\/p>\n\n\n\n<p>&#8220;Hasta el mismo agente municipal lo que nos dijo es que ya tienen much\u00edsimos v\u00edveres y tambi\u00e9n sugieren llevarlo directamente a las comunidades porque pues como todo hay gente que se aprovecha y ya no est\u00e1 haciendo un buen uso de todo lo que llega. Llegamos hasta donde ya no hab\u00eda m\u00e1s camino\u201d, indic\u00f3 la m\u00e9dico.<\/p>\n\n\n\n<p>Los pobladores de la zona afectada contin\u00faan pidiendo v\u00edveres y otros apoyos para los combatientes del incendio forestal que inici\u00f3 desde el pasado 26 de mayo.<\/p>\n\n\n\n<p>\u201cLo que ahora se necesita ser\u00edan colchonetas, art\u00edculos de limpieza personal, alimentos y agua, gracias a Dios tenemos suficientes y estamos viendo la manera de entregar en estos dias a esa zona, donde se resguardan\u201d, comentaron.<\/p>\n\n\n\n<p>El gobierno de Veracruz inform\u00f3 que esta ma\u00f1ana se reiniciaron las operaciones a\u00e9reas conjuntas con el estado de Puebla en el combate al incendio de Quimixtl\u00e1n, cerca de los l\u00edmites con Ixhuac\u00e1n de los Reyes.<\/p>\n","protected":false},"excerpt":{"rendered":"<p>Juan Arcos Xalapa, Ver.- Un grupo de m\u00e9dicos veterinarios subi\u00f3 a la monta\u00f1a en la zona de Barranca Grande, municipio de Ixhuac\u00e1n de los Reyes, para atender a la fauna que ha sido v\u00edctima del incendio forestal. De acuerdo con Noem\u00ed Lara, integrante del grupo de especialistas, el fuego fue controlado desde la noche del [&hellip;]<\/p>\n","protected":false},"author":2476,"featured_media":55317,"comment_status":"open","ping_status":"open","sticky":false,"template":"","format":"standard","meta":{"_jetpack_memberships_contains_paid_content":false,"footnotes":""},"categories":[2],"tags":[],"class_list":["post-55316","post","type-post","status-publish","format-standard","has-post-thumbnail","hentry","category-estado"],"jetpack_featured_media_url":"https:\/\/encuentroinformativo.com.mx\/wp-content\/uploads\/2024\/06\/IMG_8502.jpg","jetpack_sharing_enabled":true,"jetpack_likes_enabled":true,"amp_enabled":true,"_links":{"self":[{"href":"https:\/\/encuentroinformativo.com.mx\/index.php?rest_route=\/wp\/v2\/posts\/55316","targetHints":{"allow":["GET"]}}],"collection":[{"href":"https:\/\/encuentroinformativo.com.mx\/index.php?rest_route=\/wp\/v2\/posts"}],"about":[{"href":"https:\/\/encuentroinformativo.com.mx\/index.php?rest_route=\/wp\/v2\/types\/post"}],"author":[{"embeddable":true,"href":"https:\/\/encuentroinformativo.com.mx\/index.php?rest_route=\/wp\/v2\/users\/2476"}],"replies":[{"embeddable":true,"href":"https:\/\/encuentroinformativo.com.mx\/index.php?rest_route=%2Fwp%2Fv2%2Fcomments&post=55316"}],"version-history":[{"count":1,"href":"https:\/\/encuentroinformativo.com.mx\/index.php?rest_route=\/wp\/v2\/posts\/55316\/revisions"}],"predecessor-version":[{"id":55318,"href":"https:\/\/encuentroinformativo.com.mx\/index.php?rest_route=\/wp\/v2\/posts\/55316\/revisions\/55318"}],"wp:featuredmedia":[{"embeddable":true,"href":"https:\/\/encuentroinformativo.com.mx\/index.php?rest_route=\/wp\/v2\/media\/55317"}],"wp:attachment":[{"href":"https:\/\/encuentroinformativo.com.mx\/index.php?rest_route=%2Fwp%2Fv2%2Fmedia&parent=55316"}],"wp:term":[{"taxonomy":"category","embeddable":true,"href":"https:\/\/encuentroinformativo.com.mx\/index.php?rest_route=%2Fwp%2Fv2%2Fcategories&post=55316"},{"taxonomy":"post_tag","embeddable":true,"href":"https:\/\/encuentroinformativo.com.mx\/index.php?rest_route=%2Fwp%2Fv2%2Ftags&post=55316"}],"curies":[{"name":"wp","href":"https:\/\/api.w.org\/{rel}","templated":true}]}}