{"id":55322,"date":"2024-06-05T12:59:49","date_gmt":"2024-06-05T18:59:49","guid":{"rendered":"https:\/\/encuentroinformativo.com.mx\/?p=55322"},"modified":"2024-06-05T12:59:54","modified_gmt":"2024-06-05T18:59:54","slug":"por-incendios-forestales-estudiantes-uv-realizan-bloqueos","status":"publish","type":"post","link":"https:\/\/encuentroinformativo.com.mx\/?p=55322","title":{"rendered":"Por incendios forestales, estudiantes UV realizan bloqueos"},"content":{"rendered":"\n<p><strong>Juan Arcos <\/strong><\/p>\n\n\n\n<p>Xalapa, Ver.- Estudiantes de la Universidad Veracruzana (UV) protestaron y bloquearon el centro de Xalapa para exigir a las autoridades que liquiden los incendios que arrasan con los bosques en la entidad.<\/p>\n\n\n\n<p>Alrededor de las 12:20 horas de este mi\u00e9rcoles 5 de junio, los universitarios destacaron la importancia de alzar la voz para defender los bosques.<\/p>\n\n\n\n<p>Los j\u00f3venes cerraron la calle Juan de la Luz Enr\u00edquez para reclamar a los tres niveles de gobierno que sumen esfuerzos y as\u00ed poder acabar con los incendios forestales activos, que se localizan principalmente en la zona central monta\u00f1osa de Veracruz.<\/p>\n\n\n\n<p>De acuerdo con Andr\u00e9s Felipe Bueno, del Instituto de Investigaciones en Educaci\u00f3n de la UV, se convoca a la sociedad Xalape\u00f1a a unirse a las manifestaciones para exigir acciones contundentes del gobierno ante la crisis en las monta\u00f1as.<\/p>\n\n\n\n<p>El entrevistado detall\u00f3 que se acopian v\u00edveres en diferentes lugares, incluyendo algunas facultades como Pedagog\u00eda y Biolog\u00eda.<\/p>\n\n\n\n<p>Al grito de \u201cno es incendio forestal, es negligencia ambiental\u201d, los quejosos alzaron la voz frente al Palacio de Gobierno y colocaron lonas sobre la calle Juan de la Luz Enr\u00edquez.<\/p>\n","protected":false},"excerpt":{"rendered":"<p>Juan Arcos Xalapa, Ver.- Estudiantes de la Universidad Veracruzana (UV) protestaron y bloquearon el centro de Xalapa para exigir a las autoridades que liquiden los incendios que arrasan con los bosques en la entidad. Alrededor de las 12:20 horas de este mi\u00e9rcoles 5 de junio, los universitarios destacaron la importancia de alzar la voz para [&hellip;]<\/p>\n","protected":false},"author":2476,"featured_media":55323,"comment_status":"open","ping_status":"open","sticky":false,"template":"","format":"standard","meta":{"_jetpack_memberships_contains_paid_content":false,"footnotes":""},"categories":[3],"tags":[],"class_list":["post-55322","post","type-post","status-publish","format-standard","has-post-thumbnail","hentry","category-xalapa"],"jetpack_featured_media_url":"https:\/\/encuentroinformativo.com.mx\/wp-content\/uploads\/2024\/06\/IMG_8530.jpg","jetpack_sharing_enabled":true,"jetpack_likes_enabled":true,"amp_enabled":true,"_links":{"self":[{"href":"https:\/\/encuentroinformativo.com.mx\/index.php?rest_route=\/wp\/v2\/posts\/55322","targetHints":{"allow":["GET"]}}],"collection":[{"href":"https:\/\/encuentroinformativo.com.mx\/index.php?rest_route=\/wp\/v2\/posts"}],"about":[{"href":"https:\/\/encuentroinformativo.com.mx\/index.php?rest_route=\/wp\/v2\/types\/post"}],"author":[{"embeddable":true,"href":"https:\/\/encuentroinformativo.com.mx\/index.php?rest_route=\/wp\/v2\/users\/2476"}],"replies":[{"embeddable":true,"href":"https:\/\/encuentroinformativo.com.mx\/index.php?rest_route=%2Fwp%2Fv2%2Fcomments&post=55322"}],"version-history":[{"count":1,"href":"https:\/\/encuentroinformativo.com.mx\/index.php?rest_route=\/wp\/v2\/posts\/55322\/revisions"}],"predecessor-version":[{"id":55324,"href":"https:\/\/encuentroinformativo.com.mx\/index.php?rest_route=\/wp\/v2\/posts\/55322\/revisions\/55324"}],"wp:featuredmedia":[{"embeddable":true,"href":"https:\/\/encuentroinformativo.com.mx\/index.php?rest_route=\/wp\/v2\/media\/55323"}],"wp:attachment":[{"href":"https:\/\/encuentroinformativo.com.mx\/index.php?rest_route=%2Fwp%2Fv2%2Fmedia&parent=55322"}],"wp:term":[{"taxonomy":"category","embeddable":true,"href":"https:\/\/encuentroinformativo.com.mx\/index.php?rest_route=%2Fwp%2Fv2%2Fcategories&post=55322"},{"taxonomy":"post_tag","embeddable":true,"href":"https:\/\/encuentroinformativo.com.mx\/index.php?rest_route=%2Fwp%2Fv2%2Ftags&post=55322"}],"curies":[{"name":"wp","href":"https:\/\/api.w.org\/{rel}","templated":true}]}}