{"id":55328,"date":"2024-06-05T14:45:33","date_gmt":"2024-06-05T20:45:33","guid":{"rendered":"https:\/\/encuentroinformativo.com.mx\/?p=55328"},"modified":"2024-06-05T14:45:41","modified_gmt":"2024-06-05T20:45:41","slug":"aumentan-incendios-forestales-en-veracruz-pc","status":"publish","type":"post","link":"https:\/\/encuentroinformativo.com.mx\/?p=55328","title":{"rendered":"Aumentan incendios forestales en Veracruz: PC"},"content":{"rendered":"\n<p><strong>Dar\u00edo Pale <\/strong><\/p>\n\n\n\n<p>Xalapa, Ver.- Dan a conocer que a este mi\u00e9rcoles la cifra de incendios forestales pas\u00f3 de 20 a 23, as\u00ed lo se\u00f1al\u00f3 la secretaria de Protecci\u00f3n Civil del Estado, Guadalupe Osorno Maldonado.<\/p>\n\n\n\n<p>En conferencia de prensa, expuso que son m\u00e1s de 935 hect\u00e1reas las que han resultado afectadas, pero el total de los da\u00f1os se cuantificar\u00e1 una vez que se hayan controlado y liquidado al cien por ciento.\u00a0<\/p>\n\n\n\n<p>Detall\u00f3 que los incendios se registran en al menos 15 municipios como Tezonapa, Uxpanapa, Atzacan, Las Vigas de Ram\u00edrez, Huiloapan, Vega de Alatorre, Tlacolulan, Tequila, Tlilapan, Xico, Amatl\u00e1n de los Reyes, Tequila, Zongolica, La Perla, Ixhuatlancillo, Mixtla de Altamirano y Altotonga.\u00a0<\/p>\n\n\n\n<p>Reiter\u00f3 que el 99.9 por ciento de los incendios son provocados, algunos por actividades agr\u00edcolas, de limpieza de terrenos, quema de basura, entre otros.\u00a0<\/p>\n\n\n\n<p>En ese sentido, recalc\u00f3 que se han registrado actos de vandalismo, incluso acus\u00f3 delito de sabotaje, por lo que ya se est\u00e1n haciendo las investigaciones correspondientes para deslindar responsabilidades.<\/p>\n\n\n\n<p>En el caso del incendio registrado en Quimixtl\u00e1n, Puebla, en los l\u00edmites de Ixhuac\u00e1n de los Reyes y Cosautl\u00e1n de Carvajal, en Veracruz, Osorno Maldonado expuso que se est\u00e1 atendiendo y actualmente se tiene un 70 por ciento de control y un 50 por ciento de liquidaci\u00f3n.\u00a0<\/p>\n\n\n\n<p>Finalmente, la funcionaria desminti\u00f3 que se estuviera desalojando a pobladores de la localidad de La Concepci\u00f3n, de Jilotepec, ya que esto no ocurri\u00f3 aqu\u00ed, sino en Puebla.<\/p>\n","protected":false},"excerpt":{"rendered":"<p>Dar\u00edo Pale Xalapa, Ver.- Dan a conocer que a este mi\u00e9rcoles la cifra de incendios forestales pas\u00f3 de 20 a 23, as\u00ed lo se\u00f1al\u00f3 la secretaria de Protecci\u00f3n Civil del Estado, Guadalupe Osorno Maldonado. En conferencia de prensa, expuso que son m\u00e1s de 935 hect\u00e1reas las que han resultado afectadas, pero el total de los [&hellip;]<\/p>\n","protected":false},"author":2476,"featured_media":55264,"comment_status":"open","ping_status":"open","sticky":false,"template":"","format":"standard","meta":{"_jetpack_memberships_contains_paid_content":false,"footnotes":""},"categories":[2],"tags":[],"class_list":["post-55328","post","type-post","status-publish","format-standard","has-post-thumbnail","hentry","category-estado"],"jetpack_featured_media_url":"https:\/\/encuentroinformativo.com.mx\/wp-content\/uploads\/2024\/06\/Photo_1717472360104.jpg","jetpack_sharing_enabled":true,"jetpack_likes_enabled":true,"amp_enabled":true,"_links":{"self":[{"href":"https:\/\/encuentroinformativo.com.mx\/index.php?rest_route=\/wp\/v2\/posts\/55328","targetHints":{"allow":["GET"]}}],"collection":[{"href":"https:\/\/encuentroinformativo.com.mx\/index.php?rest_route=\/wp\/v2\/posts"}],"about":[{"href":"https:\/\/encuentroinformativo.com.mx\/index.php?rest_route=\/wp\/v2\/types\/post"}],"author":[{"embeddable":true,"href":"https:\/\/encuentroinformativo.com.mx\/index.php?rest_route=\/wp\/v2\/users\/2476"}],"replies":[{"embeddable":true,"href":"https:\/\/encuentroinformativo.com.mx\/index.php?rest_route=%2Fwp%2Fv2%2Fcomments&post=55328"}],"version-history":[{"count":1,"href":"https:\/\/encuentroinformativo.com.mx\/index.php?rest_route=\/wp\/v2\/posts\/55328\/revisions"}],"predecessor-version":[{"id":55329,"href":"https:\/\/encuentroinformativo.com.mx\/index.php?rest_route=\/wp\/v2\/posts\/55328\/revisions\/55329"}],"wp:featuredmedia":[{"embeddable":true,"href":"https:\/\/encuentroinformativo.com.mx\/index.php?rest_route=\/wp\/v2\/media\/55264"}],"wp:attachment":[{"href":"https:\/\/encuentroinformativo.com.mx\/index.php?rest_route=%2Fwp%2Fv2%2Fmedia&parent=55328"}],"wp:term":[{"taxonomy":"category","embeddable":true,"href":"https:\/\/encuentroinformativo.com.mx\/index.php?rest_route=%2Fwp%2Fv2%2Fcategories&post=55328"},{"taxonomy":"post_tag","embeddable":true,"href":"https:\/\/encuentroinformativo.com.mx\/index.php?rest_route=%2Fwp%2Fv2%2Ftags&post=55328"}],"curies":[{"name":"wp","href":"https:\/\/api.w.org\/{rel}","templated":true}]}}