{"id":55335,"date":"2024-06-05T17:31:14","date_gmt":"2024-06-05T23:31:14","guid":{"rendered":"https:\/\/encuentroinformativo.com.mx\/?p=55335"},"modified":"2024-06-05T17:31:20","modified_gmt":"2024-06-05T23:31:20","slug":"exhorta-gobernador-a-ceapp-para-investigar-presuntas-amenazas-contra-periodistas","status":"publish","type":"post","link":"https:\/\/encuentroinformativo.com.mx\/?p=55335","title":{"rendered":"Exhorta gobernador a CEAPP para investigar presuntas amenazas contra periodistas"},"content":{"rendered":"\n<p><strong>Dar\u00edo Pale <\/strong><\/p>\n\n\n\n<p>Xalapa, Ver.- El gobernador Cuitl\u00e1huac Garc\u00eda Jim\u00e9nez, dijo que har\u00e1 un exhorto a la Comisi\u00f3n Estatal de Atenci\u00f3n y Protecci\u00f3n a Periodistas (CEAPP) para que se investigue, esto tras un correo ap\u00f3crifo en donde se difunde una lista de reporteros y due\u00f1os de medios de comunicaci\u00f3n que supuestamente habr\u00edan apoyado a la coalici\u00f3n del PRI-PAN-PRD y que por lo tanto no tendr\u00edan cabida en la administraci\u00f3n de Roc\u00edo Nahle.<\/p>\n\n\n\n<p>Inicialmente, el Ejecutivo pidi\u00f3 a los reporteros que no dejaran pasar est\u00e1 situaci\u00f3n y que para eso estaba la CEAPP.<\/p>\n\n\n\n<p>&#8220;De inmediato coordinense y, por favor una denuncia ante Fiscal\u00eda y h\u00e1ganmelo saber a m\u00ed cuando lo hagan&#8221;, indic\u00f3.<\/p>\n\n\n\n<p>El Ejecutivo defini\u00f3 que no permitir\u00e1 ninguna agresi\u00f3n a los comunicadores, sea quien sea.<\/p>\n\n\n\n<p>&#8220;Se investiga a fondo y no s\u00f3lo van a se\u00f1alarse a los materiales, tambi\u00e9n a los intelectuales que planean agredir a los periodistas&#8221;, manifest\u00f3.<\/p>\n\n\n\n<p>El Mandatario insist\u00eda en que los periodistas que est\u00e1n en esa lista deben hacer uso de las v\u00edas institucionales y luego darle parte a \u00e9l, adem\u00e1s de que estar\u00e1 atento en el tiempo que resta de su administraci\u00f3n.<\/p>\n\n\n\n<p>Finalmente Garc\u00eda Jim\u00e9nez opin\u00f3 que los servidores p\u00fablicos deben entender que hay libertad de expresi\u00f3n y que no todos piensan igual.<\/p>\n","protected":false},"excerpt":{"rendered":"<p>Dar\u00edo Pale Xalapa, Ver.- El gobernador Cuitl\u00e1huac Garc\u00eda Jim\u00e9nez, dijo que har\u00e1 un exhorto a la Comisi\u00f3n Estatal de Atenci\u00f3n y Protecci\u00f3n a Periodistas (CEAPP) para que se investigue, esto tras un correo ap\u00f3crifo en donde se difunde una lista de reporteros y due\u00f1os de medios de comunicaci\u00f3n que supuestamente habr\u00edan apoyado a la coalici\u00f3n [&hellip;]<\/p>\n","protected":false},"author":2476,"featured_media":55336,"comment_status":"open","ping_status":"open","sticky":false,"template":"","format":"standard","meta":{"_jetpack_memberships_contains_paid_content":false,"footnotes":""},"categories":[2],"tags":[],"class_list":["post-55335","post","type-post","status-publish","format-standard","has-post-thumbnail","hentry","category-estado"],"jetpack_featured_media_url":"https:\/\/encuentroinformativo.com.mx\/wp-content\/uploads\/2024\/06\/IMG-20240605-WA01062.jpg","jetpack_sharing_enabled":true,"jetpack_likes_enabled":true,"amp_enabled":true,"_links":{"self":[{"href":"https:\/\/encuentroinformativo.com.mx\/index.php?rest_route=\/wp\/v2\/posts\/55335","targetHints":{"allow":["GET"]}}],"collection":[{"href":"https:\/\/encuentroinformativo.com.mx\/index.php?rest_route=\/wp\/v2\/posts"}],"about":[{"href":"https:\/\/encuentroinformativo.com.mx\/index.php?rest_route=\/wp\/v2\/types\/post"}],"author":[{"embeddable":true,"href":"https:\/\/encuentroinformativo.com.mx\/index.php?rest_route=\/wp\/v2\/users\/2476"}],"replies":[{"embeddable":true,"href":"https:\/\/encuentroinformativo.com.mx\/index.php?rest_route=%2Fwp%2Fv2%2Fcomments&post=55335"}],"version-history":[{"count":1,"href":"https:\/\/encuentroinformativo.com.mx\/index.php?rest_route=\/wp\/v2\/posts\/55335\/revisions"}],"predecessor-version":[{"id":55337,"href":"https:\/\/encuentroinformativo.com.mx\/index.php?rest_route=\/wp\/v2\/posts\/55335\/revisions\/55337"}],"wp:featuredmedia":[{"embeddable":true,"href":"https:\/\/encuentroinformativo.com.mx\/index.php?rest_route=\/wp\/v2\/media\/55336"}],"wp:attachment":[{"href":"https:\/\/encuentroinformativo.com.mx\/index.php?rest_route=%2Fwp%2Fv2%2Fmedia&parent=55335"}],"wp:term":[{"taxonomy":"category","embeddable":true,"href":"https:\/\/encuentroinformativo.com.mx\/index.php?rest_route=%2Fwp%2Fv2%2Fcategories&post=55335"},{"taxonomy":"post_tag","embeddable":true,"href":"https:\/\/encuentroinformativo.com.mx\/index.php?rest_route=%2Fwp%2Fv2%2Ftags&post=55335"}],"curies":[{"name":"wp","href":"https:\/\/api.w.org\/{rel}","templated":true}]}}