{"id":55341,"date":"2024-06-05T18:03:45","date_gmt":"2024-06-06T00:03:45","guid":{"rendered":"https:\/\/encuentroinformativo.com.mx\/?p=55341"},"modified":"2024-06-05T18:03:51","modified_gmt":"2024-06-06T00:03:51","slug":"lesionan-severamente-a-periodista-paty-vela-en-intento-de-asalto-en-veracruz-puerto","status":"publish","type":"post","link":"https:\/\/encuentroinformativo.com.mx\/?p=55341","title":{"rendered":"Lesionan severamente a periodista Paty Vela en intento de asalto en Veracruz puerto"},"content":{"rendered":"\n<p><strong>Alejandro \u00c1vila<\/strong><\/p>\n\n\n\n<p>Veracruz, Ver.- La periodista y conductora de radio, Patricia Vela, fue v\u00edctima de un violento intent\u00f3 de robo por parte de un sujeto a bordo de motocicleta, que como en otros casos, arrastran a sus v\u00edctimas y las dejan con lesiones.<\/p>\n\n\n\n<p>La comunicadora se dirig\u00eda a su trabajo como presentadora y titular del noticiero de radio de Grupo FM, esto minutos antes de las 6 de la ma\u00f1ana, saliendo de su casa en el fraccionamiento R\u00edo Medio cerca de la plaza Diverplaza.<\/p>\n\n\n\n<p>Apenas hab\u00eda dado unos pasos fuera de su vivienda, cuando fue sorprendida por un motociclista que la jal\u00f3 y arrastr\u00f3 para intentar quitarle su bolso de mano y pertenencias, resultando con golpes, raspones y heridas.<\/p>\n\n\n\n<p>Patricia, comenz\u00f3 a gritar para pedir auxilio, afortunadamente al momento del incidente una persona que viajaba en un triciclo se percat\u00f3 de la situaci\u00f3n e hizo que el ladr\u00f3n desistiera, as\u00ed mismo, otro vecino se percat\u00f3 y sali\u00f3 a brindarle ayuda.<\/p>\n\n\n\n<p>Como ha pasado con casos iguales en otras partes de la ciudad, la periodista qued\u00f3 con lesiones, raspones y golpes, por lo que tuvo que ser trasladada por sus familiares para recibir atenci\u00f3n m\u00e9dica.<\/p>\n\n\n\n<p>Mientras que el responsable logr\u00f3 escapar sin ser detenido o ubicado, se espera revisar las c\u00e1maras de vigilancia de la zona para tratar de captar al sujeto, por lo que se advierte a la ciudadan\u00eda en general, en espec\u00edfico a mujeres que salen temprano a sus trabajos, que extremen sus precauciones.<\/p>\n","protected":false},"excerpt":{"rendered":"<p>Alejandro \u00c1vila Veracruz, Ver.- La periodista y conductora de radio, Patricia Vela, fue v\u00edctima de un violento intent\u00f3 de robo por parte de un sujeto a bordo de motocicleta, que como en otros casos, arrastran a sus v\u00edctimas y las dejan con lesiones. La comunicadora se dirig\u00eda a su trabajo como presentadora y titular del [&hellip;]<\/p>\n","protected":false},"author":2476,"featured_media":55342,"comment_status":"open","ping_status":"open","sticky":false,"template":"","format":"standard","meta":{"_jetpack_memberships_contains_paid_content":false,"footnotes":""},"categories":[2],"tags":[],"class_list":["post-55341","post","type-post","status-publish","format-standard","has-post-thumbnail","hentry","category-estado"],"jetpack_featured_media_url":"https:\/\/encuentroinformativo.com.mx\/wp-content\/uploads\/2024\/06\/IMG-20240605-WA0166.jpg","jetpack_sharing_enabled":true,"jetpack_likes_enabled":true,"amp_enabled":true,"_links":{"self":[{"href":"https:\/\/encuentroinformativo.com.mx\/index.php?rest_route=\/wp\/v2\/posts\/55341","targetHints":{"allow":["GET"]}}],"collection":[{"href":"https:\/\/encuentroinformativo.com.mx\/index.php?rest_route=\/wp\/v2\/posts"}],"about":[{"href":"https:\/\/encuentroinformativo.com.mx\/index.php?rest_route=\/wp\/v2\/types\/post"}],"author":[{"embeddable":true,"href":"https:\/\/encuentroinformativo.com.mx\/index.php?rest_route=\/wp\/v2\/users\/2476"}],"replies":[{"embeddable":true,"href":"https:\/\/encuentroinformativo.com.mx\/index.php?rest_route=%2Fwp%2Fv2%2Fcomments&post=55341"}],"version-history":[{"count":1,"href":"https:\/\/encuentroinformativo.com.mx\/index.php?rest_route=\/wp\/v2\/posts\/55341\/revisions"}],"predecessor-version":[{"id":55343,"href":"https:\/\/encuentroinformativo.com.mx\/index.php?rest_route=\/wp\/v2\/posts\/55341\/revisions\/55343"}],"wp:featuredmedia":[{"embeddable":true,"href":"https:\/\/encuentroinformativo.com.mx\/index.php?rest_route=\/wp\/v2\/media\/55342"}],"wp:attachment":[{"href":"https:\/\/encuentroinformativo.com.mx\/index.php?rest_route=%2Fwp%2Fv2%2Fmedia&parent=55341"}],"wp:term":[{"taxonomy":"category","embeddable":true,"href":"https:\/\/encuentroinformativo.com.mx\/index.php?rest_route=%2Fwp%2Fv2%2Fcategories&post=55341"},{"taxonomy":"post_tag","embeddable":true,"href":"https:\/\/encuentroinformativo.com.mx\/index.php?rest_route=%2Fwp%2Fv2%2Ftags&post=55341"}],"curies":[{"name":"wp","href":"https:\/\/api.w.org\/{rel}","templated":true}]}}