{"id":55347,"date":"2024-06-05T18:58:45","date_gmt":"2024-06-06T00:58:45","guid":{"rendered":"https:\/\/encuentroinformativo.com.mx\/?p=55347"},"modified":"2024-06-05T18:58:51","modified_gmt":"2024-06-06T00:58:51","slug":"piden-apoyo-economico-para-joven-que-se-corto-la-mano-en-la-escuela-de-soledad-de-doblado","status":"publish","type":"post","link":"https:\/\/encuentroinformativo.com.mx\/?p=55347","title":{"rendered":"Piden apoyo econ\u00f3mico para joven que se cort\u00f3 la mano en la escuela de Soledad de Doblado"},"content":{"rendered":"\n<p><strong>Alejandro \u00c1vila<\/strong><\/p>\n\n\n\n<p>Soledad de Doblado, Ver.- La familia del joven, Juli\u00e1n Lara Amaro, conocido como &#8220;Titi&#8221;, busca apoyo econ\u00f3mico para cubrir los gastos m\u00e9dicos, tras una lesi\u00f3n en la mano que se provoc\u00f3 al interior del COBAEV del municipio de Soledad Doblado.<\/p>\n\n\n\n<p>Los hechos ocurrieron la ma\u00f1ana de este martes al interior del plantel educativo, cuando el joven, presuntamente al haber sido terminado por su novia, golpe\u00f3 furioso una ventana del sal\u00f3n de clases y sufri\u00f3 heridas en su mano.<\/p>\n\n\n\n<p>Tras el incidente, el joven sufri\u00f3 mucha p\u00e9rdida de sangre y corri\u00f3 hacia la direcci\u00f3n para ser atendido, y posteriormente ser llevado de urgencia a los servicios m\u00e9dicos para su atenci\u00f3n.<\/p>\n\n\n\n<p>Al momento no se ha dado el parte m\u00e9dico oficial de las lesiones que sufri\u00f3 el estudiante de cuarto semestre del Colegio de Bachillerato del Estado de Veracruz (COBAEV); sin embargo, sus familiares ya solicitan el apoyo econ\u00f3mico de la ciudadan\u00eda para lograr cubrir los gastos m\u00e9dicos que se presenten.<\/p>\n","protected":false},"excerpt":{"rendered":"<p>Alejandro \u00c1vila Soledad de Doblado, Ver.- La familia del joven, Juli\u00e1n Lara Amaro, conocido como &#8220;Titi&#8221;, busca apoyo econ\u00f3mico para cubrir los gastos m\u00e9dicos, tras una lesi\u00f3n en la mano que se provoc\u00f3 al interior del COBAEV del municipio de Soledad Doblado. Los hechos ocurrieron la ma\u00f1ana de este martes al interior del plantel educativo, [&hellip;]<\/p>\n","protected":false},"author":2476,"featured_media":55348,"comment_status":"open","ping_status":"open","sticky":false,"template":"","format":"standard","meta":{"_jetpack_memberships_contains_paid_content":false,"footnotes":""},"categories":[2],"tags":[],"class_list":["post-55347","post","type-post","status-publish","format-standard","has-post-thumbnail","hentry","category-estado"],"jetpack_featured_media_url":"https:\/\/encuentroinformativo.com.mx\/wp-content\/uploads\/2024\/06\/IMG-20240605-WA0174.jpg","jetpack_sharing_enabled":true,"jetpack_likes_enabled":true,"amp_enabled":true,"_links":{"self":[{"href":"https:\/\/encuentroinformativo.com.mx\/index.php?rest_route=\/wp\/v2\/posts\/55347","targetHints":{"allow":["GET"]}}],"collection":[{"href":"https:\/\/encuentroinformativo.com.mx\/index.php?rest_route=\/wp\/v2\/posts"}],"about":[{"href":"https:\/\/encuentroinformativo.com.mx\/index.php?rest_route=\/wp\/v2\/types\/post"}],"author":[{"embeddable":true,"href":"https:\/\/encuentroinformativo.com.mx\/index.php?rest_route=\/wp\/v2\/users\/2476"}],"replies":[{"embeddable":true,"href":"https:\/\/encuentroinformativo.com.mx\/index.php?rest_route=%2Fwp%2Fv2%2Fcomments&post=55347"}],"version-history":[{"count":1,"href":"https:\/\/encuentroinformativo.com.mx\/index.php?rest_route=\/wp\/v2\/posts\/55347\/revisions"}],"predecessor-version":[{"id":55349,"href":"https:\/\/encuentroinformativo.com.mx\/index.php?rest_route=\/wp\/v2\/posts\/55347\/revisions\/55349"}],"wp:featuredmedia":[{"embeddable":true,"href":"https:\/\/encuentroinformativo.com.mx\/index.php?rest_route=\/wp\/v2\/media\/55348"}],"wp:attachment":[{"href":"https:\/\/encuentroinformativo.com.mx\/index.php?rest_route=%2Fwp%2Fv2%2Fmedia&parent=55347"}],"wp:term":[{"taxonomy":"category","embeddable":true,"href":"https:\/\/encuentroinformativo.com.mx\/index.php?rest_route=%2Fwp%2Fv2%2Fcategories&post=55347"},{"taxonomy":"post_tag","embeddable":true,"href":"https:\/\/encuentroinformativo.com.mx\/index.php?rest_route=%2Fwp%2Fv2%2Ftags&post=55347"}],"curies":[{"name":"wp","href":"https:\/\/api.w.org\/{rel}","templated":true}]}}