{"id":5535,"date":"2020-09-03T16:04:52","date_gmt":"2020-09-03T21:04:52","guid":{"rendered":"https:\/\/encuentroinformativo.com\/?p=5535"},"modified":"2020-09-03T22:53:18","modified_gmt":"2020-09-04T03:53:18","slug":"promueve-organizacion-uso-de-cubrebocas","status":"publish","type":"post","link":"https:\/\/encuentroinformativo.com.mx\/?p=5535","title":{"rendered":"Promueve organizaci\u00f3n uso de cubrebocas"},"content":{"rendered":"\n<p>Xalapa, Ver.- Ante los casos del SARS-CoV-2 que se siguen presentando en la capital del estado, es necesario hacer conciencia sobre la importancia del uso del cubrebocas as\u00ed como mantener las medidas de prevenci\u00f3n necesarias.<\/p>\n\n\n\n<p>As\u00ed lo consider\u00f3 Agust\u00edn Arcos Gamboa representante de la organizaci\u00f3n&nbsp;<em>Recupera la Atenas<\/em>, quien record\u00f3 que se trata de un padecimiento que ataca a todos por igual, siendo los grupos m\u00e1s vulnerables quienes se encuentran en un riesgo mayor.<\/p>\n\n\n\n<p>Motivo por el cual dio a conocer que con la intenci\u00f3n de aportar un granito de arena,&nbsp;<em>Recupera la Atenas&nbsp;<\/em>promueve una campa\u00f1a en redes sociales para fomentar el Uso correcto del cubrebocas.<\/p>\n\n\n\n<p>En entrevista reiter\u00f3 que es prioritario promover acciones que contribuyan a generar conciencia en la poblaci\u00f3n en general con la finalidad de que \u201cnos cuidemos unos a otros\u201d ante el problema de salud que se enfrenta en el municipio.<\/p>\n\n\n\n<p>En ese sentido, destac\u00f3 la importancia de seguir generando conciencia entre la poblaci\u00f3n&nbsp; y mantener el uso de cubrebocas con la intenci\u00f3n de disminuir los riesgos de contagio por Covid.<\/p>\n\n\n\n<p>\u201cSabemos que adem\u00e1s del problema de salud, el tema de la econom\u00eda se encuentra en un punto delicado y al borde del colapso en muchos sectores. Sin embargo, para que podamos ir por la reactivaci\u00f3n de la econom\u00eda primero debemos tener salud, por ello debemos seguir con el uso del cubrebocas, y mantener la sana distancia, si nos cuidamos nosotros cuidamos a los dem\u00e1s\u201d, finaliz\u00f3.<\/p>\n\n\n\n<figure class=\"wp-block-image size-large\"><img loading=\"lazy\" decoding=\"async\" width=\"960\" height=\"960\" src=\"https:\/\/encuentroinformativo.com.mx\/wp-content\/uploads\/2020\/09\/8A612A6D-CD3B-418D-9D1A-94F2417A9927.png\" alt=\"\" class=\"wp-image-5543\" srcset=\"https:\/\/encuentroinformativo.com.mx\/wp-content\/uploads\/2020\/09\/8A612A6D-CD3B-418D-9D1A-94F2417A9927.png 960w, https:\/\/encuentroinformativo.com.mx\/wp-content\/uploads\/2020\/09\/8A612A6D-CD3B-418D-9D1A-94F2417A9927-300x300.png 300w, https:\/\/encuentroinformativo.com.mx\/wp-content\/uploads\/2020\/09\/8A612A6D-CD3B-418D-9D1A-94F2417A9927-150x150.png 150w, https:\/\/encuentroinformativo.com.mx\/wp-content\/uploads\/2020\/09\/8A612A6D-CD3B-418D-9D1A-94F2417A9927-768x768.png 768w\" sizes=\"auto, (max-width: 960px) 100vw, 960px\" \/><\/figure>\n","protected":false},"excerpt":{"rendered":"<p>Xalapa, Ver.- Ante los casos del SARS-CoV-2 que se siguen presentando en la capital del estado, es necesario hacer conciencia sobre la importancia del uso del cubrebocas as\u00ed como mantener las medidas de prevenci\u00f3n necesarias. As\u00ed lo consider\u00f3 Agust\u00edn Arcos Gamboa representante de la organizaci\u00f3n&nbsp;Recupera la Atenas, quien record\u00f3 que se trata de un padecimiento [&hellip;]<\/p>\n","protected":false},"author":1,"featured_media":5536,"comment_status":"open","ping_status":"open","sticky":false,"template":"","format":"standard","meta":{"_jetpack_memberships_contains_paid_content":false,"footnotes":""},"categories":[3],"tags":[],"class_list":["post-5535","post","type-post","status-publish","format-standard","has-post-thumbnail","hentry","category-xalapa"],"jetpack_featured_media_url":"https:\/\/encuentroinformativo.com.mx\/wp-content\/uploads\/2020\/09\/F4D1DF64-5F0D-4A7E-B8F6-B0964A4BBC94.png","jetpack_sharing_enabled":true,"jetpack_likes_enabled":true,"amp_enabled":true,"_links":{"self":[{"href":"https:\/\/encuentroinformativo.com.mx\/index.php?rest_route=\/wp\/v2\/posts\/5535","targetHints":{"allow":["GET"]}}],"collection":[{"href":"https:\/\/encuentroinformativo.com.mx\/index.php?rest_route=\/wp\/v2\/posts"}],"about":[{"href":"https:\/\/encuentroinformativo.com.mx\/index.php?rest_route=\/wp\/v2\/types\/post"}],"author":[{"embeddable":true,"href":"https:\/\/encuentroinformativo.com.mx\/index.php?rest_route=\/wp\/v2\/users\/1"}],"replies":[{"embeddable":true,"href":"https:\/\/encuentroinformativo.com.mx\/index.php?rest_route=%2Fwp%2Fv2%2Fcomments&post=5535"}],"version-history":[{"count":2,"href":"https:\/\/encuentroinformativo.com.mx\/index.php?rest_route=\/wp\/v2\/posts\/5535\/revisions"}],"predecessor-version":[{"id":5545,"href":"https:\/\/encuentroinformativo.com.mx\/index.php?rest_route=\/wp\/v2\/posts\/5535\/revisions\/5545"}],"wp:featuredmedia":[{"embeddable":true,"href":"https:\/\/encuentroinformativo.com.mx\/index.php?rest_route=\/wp\/v2\/media\/5536"}],"wp:attachment":[{"href":"https:\/\/encuentroinformativo.com.mx\/index.php?rest_route=%2Fwp%2Fv2%2Fmedia&parent=5535"}],"wp:term":[{"taxonomy":"category","embeddable":true,"href":"https:\/\/encuentroinformativo.com.mx\/index.php?rest_route=%2Fwp%2Fv2%2Fcategories&post=5535"},{"taxonomy":"post_tag","embeddable":true,"href":"https:\/\/encuentroinformativo.com.mx\/index.php?rest_route=%2Fwp%2Fv2%2Ftags&post=5535"}],"curies":[{"name":"wp","href":"https:\/\/api.w.org\/{rel}","templated":true}]}}