{"id":55350,"date":"2024-06-05T19:03:23","date_gmt":"2024-06-06T01:03:23","guid":{"rendered":"https:\/\/encuentroinformativo.com.mx\/?p=55350"},"modified":"2024-06-05T19:03:30","modified_gmt":"2024-06-06T01:03:30","slug":"asipona-veracruz-dona-mas-de-cuatro-millones-de-plantas-a-programas-de-reforestacion","status":"publish","type":"post","link":"https:\/\/encuentroinformativo.com.mx\/?p=55350","title":{"rendered":"Asipona Veracruz dona m\u00e1s de cuatro millones de plantas a Programas de Reforestaci\u00f3n"},"content":{"rendered":"\n<p><strong>Alejandro \u00c1vila<\/strong><\/p>\n\n\n\n<p>Veracruz, Ver.- La Administraci\u00f3n del Sistema Portuario Nacional (Asipona) Veracruz, don\u00f3 de manera simb\u00f3lica a la Cooperativa &#8220;Laguna Cabana&#8221;, una planta de mangle, producidas desde el a\u00f1o 2005 en sus Unidades de Manejo Ambiental (UMAs) como parte de su compromiso al fortalecimiento de los programas de reforestaci\u00f3n en su \u00e1rea de su influencia.<\/p>\n\n\n\n<p>Asipona Veracruz, opera tres UMAs en una superficie de m\u00e1s de 70 hect\u00e1reas, dedicadas fundamentalmente a la producci\u00f3n de plantas, educaci\u00f3n ambiental y a la conservaci\u00f3n de la biodiversidad.<\/p>\n\n\n\n<p>Asimismo, desde el inicio de operaciones de las UMAs, 22 mil alumnos de todos los niveles educativos han sido atendidos en los programas de visitas guiadas con el objetivo de que conozcan las caracter\u00edsticas naturales de estos ecosistemas y su vinculaci\u00f3n con las zonas urbanas.<\/p>\n\n\n\n<p>En el marco de la celebraci\u00f3n del &#8220;D\u00eda Mundial del Medio Ambiente&#8221;, realizado en la UMA Punta Gorda, el director general de la Asipona Veracruz, Carlos Vel\u00e1zquez Tiscare\u00f1o, inform\u00f3 que desde el inicio de operaciones en la Bah\u00eda Norte en 2019, el Puerto de Veracruz ha crecido al doble de su tama\u00f1o en el manejo de carga y ha requerido mayores esfuerzos para contrarrestar el impacto ambiental.<\/p>\n\n\n\n<p>Agreg\u00f3 que la Bah\u00eda Ecol\u00f3gica, conformada por las Unidades de Manejo Ambiental UMA Vivero Asipona Verde, UMA Pinera Miguel \u00c1ngel de Quevedo y UMA Punta Gorda Selva Mediana Mangle, es el resultado de los esfuerzos realizados para contrarrestar los aspectos ambientales que ha generado este desarrollo, \u201cel cual no podr\u00eda suceder sin una visi\u00f3n de sustentabilidad\u201d.<\/p>\n\n\n\n<p>Indic\u00f3 que el programa de donaci\u00f3n de plantas para los programas de reforestaci\u00f3n de \u00e1reas verdes, parques, jardines, escuelas y \u00e1rea comunes, comprende, principalmente cuatro especies de mangle: rojo, blanco, negro y botoncillo, adem\u00e1s de plantas forestales como: cedro, roble, icaco, uveros, zamias, jatrofa, guasimo palo amarillo y palmas nativas de la zona.<\/p>\n\n\n\n<p>Asimismo, las UMAs cumplen su papel como espacios dedicados a la educaci\u00f3n ambiental y, la conservaci\u00f3n de la fauna silvestre. Destac\u00f3 la importancia de reforzar estas actividades, as\u00ed como en la sensibilizaci\u00f3n y la normalizaci\u00f3n, \u201cpara hacer parte de nuestra vida cotidiana el valorar, cuidar y adquirir conciencia ambiental\u201d.<\/p>\n\n\n\n<p>Cuidar y procurar la gesti\u00f3n ambiental es una de las claves principales para el \u00e9xito de toda empresa ya que es sin\u00f3nimo de bienestar, adem\u00e1s de buscar un inter\u00e9s econ\u00f3mico o productivo, debemos buscar siempre la mejora de las sociedades y el medio ambiente, concluy\u00f3.<\/p>\n\n\n\n<p>En el evento particip\u00f3 la Comunidad Portuaria; cesionarios del Puerto de Veracruz; bi\u00f3logos de la UMA Punta Gorda; personal de la Administraci\u00f3n del Sistema Portuario Nacional Veracruz y voluntarios de la Campa\u00f1a Ambiental ASIPONA Verde.<\/p>\n","protected":false},"excerpt":{"rendered":"<p>Alejandro \u00c1vila Veracruz, Ver.- La Administraci\u00f3n del Sistema Portuario Nacional (Asipona) Veracruz, don\u00f3 de manera simb\u00f3lica a la Cooperativa &#8220;Laguna Cabana&#8221;, una planta de mangle, producidas desde el a\u00f1o 2005 en sus Unidades de Manejo Ambiental (UMAs) como parte de su compromiso al fortalecimiento de los programas de reforestaci\u00f3n en su \u00e1rea de su influencia. [&hellip;]<\/p>\n","protected":false},"author":2476,"featured_media":55351,"comment_status":"open","ping_status":"open","sticky":false,"template":"","format":"standard","meta":{"_jetpack_memberships_contains_paid_content":false,"footnotes":""},"categories":[2],"tags":[],"class_list":["post-55350","post","type-post","status-publish","format-standard","has-post-thumbnail","hentry","category-estado"],"jetpack_featured_media_url":"https:\/\/encuentroinformativo.com.mx\/wp-content\/uploads\/2024\/06\/IMG-20240605-WA0164.jpg","jetpack_sharing_enabled":true,"jetpack_likes_enabled":true,"amp_enabled":true,"_links":{"self":[{"href":"https:\/\/encuentroinformativo.com.mx\/index.php?rest_route=\/wp\/v2\/posts\/55350","targetHints":{"allow":["GET"]}}],"collection":[{"href":"https:\/\/encuentroinformativo.com.mx\/index.php?rest_route=\/wp\/v2\/posts"}],"about":[{"href":"https:\/\/encuentroinformativo.com.mx\/index.php?rest_route=\/wp\/v2\/types\/post"}],"author":[{"embeddable":true,"href":"https:\/\/encuentroinformativo.com.mx\/index.php?rest_route=\/wp\/v2\/users\/2476"}],"replies":[{"embeddable":true,"href":"https:\/\/encuentroinformativo.com.mx\/index.php?rest_route=%2Fwp%2Fv2%2Fcomments&post=55350"}],"version-history":[{"count":1,"href":"https:\/\/encuentroinformativo.com.mx\/index.php?rest_route=\/wp\/v2\/posts\/55350\/revisions"}],"predecessor-version":[{"id":55352,"href":"https:\/\/encuentroinformativo.com.mx\/index.php?rest_route=\/wp\/v2\/posts\/55350\/revisions\/55352"}],"wp:featuredmedia":[{"embeddable":true,"href":"https:\/\/encuentroinformativo.com.mx\/index.php?rest_route=\/wp\/v2\/media\/55351"}],"wp:attachment":[{"href":"https:\/\/encuentroinformativo.com.mx\/index.php?rest_route=%2Fwp%2Fv2%2Fmedia&parent=55350"}],"wp:term":[{"taxonomy":"category","embeddable":true,"href":"https:\/\/encuentroinformativo.com.mx\/index.php?rest_route=%2Fwp%2Fv2%2Fcategories&post=55350"},{"taxonomy":"post_tag","embeddable":true,"href":"https:\/\/encuentroinformativo.com.mx\/index.php?rest_route=%2Fwp%2Fv2%2Ftags&post=55350"}],"curies":[{"name":"wp","href":"https:\/\/api.w.org\/{rel}","templated":true}]}}