{"id":55373,"date":"2024-06-06T11:13:15","date_gmt":"2024-06-06T17:13:15","guid":{"rendered":"https:\/\/encuentroinformativo.com.mx\/?p=55373"},"modified":"2024-06-06T11:13:21","modified_gmt":"2024-06-06T17:13:21","slug":"confirman-familiares-hallazgo-sin-vida-de-matrimonio-desaparecido-en-poza-rica","status":"publish","type":"post","link":"https:\/\/encuentroinformativo.com.mx\/?p=55373","title":{"rendered":"Confirman familiares hallazgo sin vida de matrimonio desaparecido en Poza Rica"},"content":{"rendered":"\n<p><strong>Juan Arcos <\/strong><\/p>\n\n\n\n<p>Xalapa, Ver.- Familiares confirmaron que fue hallada sin vida la pareja que desapareci\u00f3 tras salir de su domicilio para mostrar y vender su camioneta en la\u00a0colonia Divisi\u00f3n de Oriente en Poza Rica, al norte de Veracruz.<\/p>\n\n\n\n<p>Blanca Flor Bandala confirm\u00f3 desde sus redes sociales que su prima Emma Luc\u00eda Bandala y el esposo de ella\u00a0Santiago Rodr\u00edguez Navarro, hab\u00edan fallecido y ser\u00edan velados despu\u00e9s de la 13:00 horas en Funerales Poza Rica.<\/p>\n\n\n\n<p>La pareja sali\u00f3 el 8 de abril de Poza Rica a vender su camioneta color negra, pero no regres\u00f3 y sus hijas difundieron videos en Tiktok para dar a conocer que la familia los estaba buscando.<\/p>\n\n\n\n<p>De manera extraoficial, se conoce que sus cuerpos fueron encontrados en la fosa clandestina ubicada en un domicilio de Coatzintla, donde se report\u00f3 la detenci\u00f3n de dos personas presuntamente relacionadas con la desaparici\u00f3n.<\/p>\n\n\n\n<p>Ayer el gobernador Cuitl\u00e1huac Garc\u00eda Jim\u00e9nez indic\u00f3 que hab\u00eda avances para el esclarecimiento de este caso y dijo que las autoridades encargadas de la procuraci\u00f3n de justicia ampliar\u00edan la informaci\u00f3n.<\/p>\n\n\n\n<p>Sin embargo, hasta el momento la Fiscal\u00eda General del Estado, a cargo de Ver\u00f3nica Hern\u00e1ndez Giad\u00e1ns, no se ha pronunciado al respecto.<\/p>\n\n\n\n<p>Despu\u00e9s de casi un mes de la desaparici\u00f3n, la camioneta\u00a0fue encontrada\u00a0en el hotel Liz. Hab\u00eda sido pintada de blanco pero se confirm\u00f3 que se trataba de la misma unidad porque sus hijos ten\u00edan copia de la llave y coincid\u00eda.<\/p>\n\n\n\n<p>El 7 de mayo, las autoridades informaron la recuperaci\u00f3n de la camioneta y la vinculaci\u00f3n a proceso de ocho personas involucradas en el robo del veh\u00edculo y la desaparici\u00f3n.<\/p>\n\n\n\n<p>Ocho d\u00edas despu\u00e9s, la FGE dio a conocer la detenci\u00f3n de \u201cEl Chivi\u201d y \u201cEl Pelucho\u201d en Coatzintla como presuntos implicados en el caso.<\/p>\n\n\n\n<p>Al otro d\u00eda se ejecut\u00f3 orden de cateo en el domicilio para la b\u00fasqueda de presuntas fosas clandestinas.<\/p>\n\n\n\n<p>Sin embargo, la Fiscal\u00eda de Veracruz ya no inform\u00f3 m\u00e1s del caso. Fue la familia quien confirm\u00f3 en redes sociales que Emma y Santiago hab\u00edan sido localizados sin vida<\/p>\n","protected":false},"excerpt":{"rendered":"<p>Juan Arcos Xalapa, Ver.- Familiares confirmaron que fue hallada sin vida la pareja que desapareci\u00f3 tras salir de su domicilio para mostrar y vender su camioneta en la\u00a0colonia Divisi\u00f3n de Oriente en Poza Rica, al norte de Veracruz. Blanca Flor Bandala confirm\u00f3 desde sus redes sociales que su prima Emma Luc\u00eda Bandala y el esposo [&hellip;]<\/p>\n","protected":false},"author":2476,"featured_media":55374,"comment_status":"open","ping_status":"open","sticky":false,"template":"","format":"standard","meta":{"_jetpack_memberships_contains_paid_content":false,"footnotes":""},"categories":[2],"tags":[],"class_list":["post-55373","post","type-post","status-publish","format-standard","has-post-thumbnail","hentry","category-estado"],"jetpack_featured_media_url":"https:\/\/encuentroinformativo.com.mx\/wp-content\/uploads\/2024\/06\/IMG_86042.jpg","jetpack_sharing_enabled":true,"jetpack_likes_enabled":true,"amp_enabled":true,"_links":{"self":[{"href":"https:\/\/encuentroinformativo.com.mx\/index.php?rest_route=\/wp\/v2\/posts\/55373","targetHints":{"allow":["GET"]}}],"collection":[{"href":"https:\/\/encuentroinformativo.com.mx\/index.php?rest_route=\/wp\/v2\/posts"}],"about":[{"href":"https:\/\/encuentroinformativo.com.mx\/index.php?rest_route=\/wp\/v2\/types\/post"}],"author":[{"embeddable":true,"href":"https:\/\/encuentroinformativo.com.mx\/index.php?rest_route=\/wp\/v2\/users\/2476"}],"replies":[{"embeddable":true,"href":"https:\/\/encuentroinformativo.com.mx\/index.php?rest_route=%2Fwp%2Fv2%2Fcomments&post=55373"}],"version-history":[{"count":1,"href":"https:\/\/encuentroinformativo.com.mx\/index.php?rest_route=\/wp\/v2\/posts\/55373\/revisions"}],"predecessor-version":[{"id":55375,"href":"https:\/\/encuentroinformativo.com.mx\/index.php?rest_route=\/wp\/v2\/posts\/55373\/revisions\/55375"}],"wp:featuredmedia":[{"embeddable":true,"href":"https:\/\/encuentroinformativo.com.mx\/index.php?rest_route=\/wp\/v2\/media\/55374"}],"wp:attachment":[{"href":"https:\/\/encuentroinformativo.com.mx\/index.php?rest_route=%2Fwp%2Fv2%2Fmedia&parent=55373"}],"wp:term":[{"taxonomy":"category","embeddable":true,"href":"https:\/\/encuentroinformativo.com.mx\/index.php?rest_route=%2Fwp%2Fv2%2Fcategories&post=55373"},{"taxonomy":"post_tag","embeddable":true,"href":"https:\/\/encuentroinformativo.com.mx\/index.php?rest_route=%2Fwp%2Fv2%2Ftags&post=55373"}],"curies":[{"name":"wp","href":"https:\/\/api.w.org\/{rel}","templated":true}]}}