{"id":55376,"date":"2024-06-06T13:28:16","date_gmt":"2024-06-06T19:28:16","guid":{"rendered":"https:\/\/encuentroinformativo.com.mx\/?p=55376"},"modified":"2024-06-06T13:28:22","modified_gmt":"2024-06-06T19:28:22","slug":"aumenta-costo-de-grada-de-carnaval","status":"publish","type":"post","link":"https:\/\/encuentroinformativo.com.mx\/?p=55376","title":{"rendered":"Aumenta costo de grada de Carnaval"},"content":{"rendered":"\n<p><strong>Alejandro \u00c1vila<\/strong><\/p>\n\n\n\n<p>Veracruz, Ver.- El Cabildo de Veracruz aprob\u00f3 por mayor\u00eda la tarde de este jueves el aumento al precio de las gradas del Carnaval de Veracruz en edici\u00f3n 2024.<\/p>\n\n\n\n<p>El costo de la grada que originalmente ten\u00eda un precio de 100 pesos, subi\u00f3 a 110, los d\u00edas s\u00e1bado y domingo; mientras que los d\u00edas lunes y martes aument\u00f3 de 30 a 35 pesos.<\/p>\n\n\n\n<p>El argumento del s\u00edndico, Manuel Rivera Polanco, para justificar el aumento de precios, es el costo que se tiene que pagar por el artista internacional, Ricky Martin, el cual los veracruzanos podr\u00e1n ver de manera gratuita en el malec\u00f3n de Veracruz.<\/p>\n\n\n\n<p>Cabe recordar que esta es la edici\u00f3n n\u00famero 100 del festejo popular m\u00e1s importante de la entidad veracruzana, el Carnaval, mismo que tendr\u00e1 como reina al artista jarocha, Yuri.<\/p>\n","protected":false},"excerpt":{"rendered":"<p>Alejandro \u00c1vila Veracruz, Ver.- El Cabildo de Veracruz aprob\u00f3 por mayor\u00eda la tarde de este jueves el aumento al precio de las gradas del Carnaval de Veracruz en edici\u00f3n 2024. El costo de la grada que originalmente ten\u00eda un precio de 100 pesos, subi\u00f3 a 110, los d\u00edas s\u00e1bado y domingo; mientras que los d\u00edas [&hellip;]<\/p>\n","protected":false},"author":2476,"featured_media":55377,"comment_status":"open","ping_status":"open","sticky":false,"template":"","format":"standard","meta":{"_jetpack_memberships_contains_paid_content":false,"footnotes":""},"categories":[2],"tags":[],"class_list":["post-55376","post","type-post","status-publish","format-standard","has-post-thumbnail","hentry","category-estado"],"jetpack_featured_media_url":"https:\/\/encuentroinformativo.com.mx\/wp-content\/uploads\/2024\/06\/IMG-20240606-WA0027.jpg","jetpack_sharing_enabled":true,"jetpack_likes_enabled":true,"amp_enabled":true,"_links":{"self":[{"href":"https:\/\/encuentroinformativo.com.mx\/index.php?rest_route=\/wp\/v2\/posts\/55376","targetHints":{"allow":["GET"]}}],"collection":[{"href":"https:\/\/encuentroinformativo.com.mx\/index.php?rest_route=\/wp\/v2\/posts"}],"about":[{"href":"https:\/\/encuentroinformativo.com.mx\/index.php?rest_route=\/wp\/v2\/types\/post"}],"author":[{"embeddable":true,"href":"https:\/\/encuentroinformativo.com.mx\/index.php?rest_route=\/wp\/v2\/users\/2476"}],"replies":[{"embeddable":true,"href":"https:\/\/encuentroinformativo.com.mx\/index.php?rest_route=%2Fwp%2Fv2%2Fcomments&post=55376"}],"version-history":[{"count":1,"href":"https:\/\/encuentroinformativo.com.mx\/index.php?rest_route=\/wp\/v2\/posts\/55376\/revisions"}],"predecessor-version":[{"id":55378,"href":"https:\/\/encuentroinformativo.com.mx\/index.php?rest_route=\/wp\/v2\/posts\/55376\/revisions\/55378"}],"wp:featuredmedia":[{"embeddable":true,"href":"https:\/\/encuentroinformativo.com.mx\/index.php?rest_route=\/wp\/v2\/media\/55377"}],"wp:attachment":[{"href":"https:\/\/encuentroinformativo.com.mx\/index.php?rest_route=%2Fwp%2Fv2%2Fmedia&parent=55376"}],"wp:term":[{"taxonomy":"category","embeddable":true,"href":"https:\/\/encuentroinformativo.com.mx\/index.php?rest_route=%2Fwp%2Fv2%2Fcategories&post=55376"},{"taxonomy":"post_tag","embeddable":true,"href":"https:\/\/encuentroinformativo.com.mx\/index.php?rest_route=%2Fwp%2Fv2%2Ftags&post=55376"}],"curies":[{"name":"wp","href":"https:\/\/api.w.org\/{rel}","templated":true}]}}