{"id":55388,"date":"2024-06-06T14:24:11","date_gmt":"2024-06-06T20:24:11","guid":{"rendered":"https:\/\/encuentroinformativo.com.mx\/?p=55388"},"modified":"2024-06-06T14:24:17","modified_gmt":"2024-06-06T20:24:17","slug":"participa-ssp-en-feria-infantil-del-aprendizaje-en-el-sur-del-estado","status":"publish","type":"post","link":"https:\/\/encuentroinformativo.com.mx\/?p=55388","title":{"rendered":"Participa SSP en Feria Infantil del Aprendizaje en el sur del estado"},"content":{"rendered":"\n<p><strong>* Promoviendo Casco Seguro y educaci\u00f3n vial.<\/strong><\/p>\n\n\n\n<p>Lerdo de Tejada, Ver.- La Secretar\u00eda de Seguridad P\u00fablica a trav\u00e9s de Direcci\u00f3n General de Tr\u00e1nsito y Seguridad Vial (DGTSV), delegaci\u00f3n Lerdo de Tejada, tuvo participaci\u00f3n en la Feria Infantil del Aprendizaje organizada por la escuela primaria Ram\u00f3n Hern\u00e1ndez Vera de esta localidad, contando con una asistencia superior a los 200 estudiantes.<\/p>\n\n\n\n<p>El evento cont\u00f3 con la participaci\u00f3n de 230 alumnas y alumnos, 26 docentes y alrededor de 100 padres de familia de distintos planteles educativos que atendieron la invitaci\u00f3n.<\/p>\n\n\n\n<p>Durante la feria, los oficiales de tr\u00e1nsito y seguridad vial compartieron valiosa informaci\u00f3n con las y los asistentes sobre la cultura vial en nuestra entidad. Se abordaron temas fundamentales como &#8220;Casco Seguro&#8221;, el comportamiento responsable tanto de peatones como de conductores, proporcion\u00e1ndoles herramientas esenciales para transitar de manera segura en la v\u00eda p\u00fablica.<\/p>\n\n\n\n<p>El evento no solo se centr\u00f3 en la educaci\u00f3n vial, sino que tambi\u00e9n cont\u00f3 con la participaci\u00f3n de diversas instituciones que enriquecieron la experiencia de aprendizaje para los ni\u00f1os y sus familias. Entre las entidades presentes se encontraban la Cruz Roja, Protecci\u00f3n Civil municipal, Bomberos, Polic\u00eda Estatal y el sector salud, cada una aportando su conocimiento y recursos para promover una cultura de seguridad integral.<\/p>\n","protected":false},"excerpt":{"rendered":"<p>* Promoviendo Casco Seguro y educaci\u00f3n vial. Lerdo de Tejada, Ver.- La Secretar\u00eda de Seguridad P\u00fablica a trav\u00e9s de Direcci\u00f3n General de Tr\u00e1nsito y Seguridad Vial (DGTSV), delegaci\u00f3n Lerdo de Tejada, tuvo participaci\u00f3n en la Feria Infantil del Aprendizaje organizada por la escuela primaria Ram\u00f3n Hern\u00e1ndez Vera de esta localidad, contando con una asistencia superior [&hellip;]<\/p>\n","protected":false},"author":2476,"featured_media":55389,"comment_status":"open","ping_status":"open","sticky":false,"template":"","format":"standard","meta":{"_jetpack_memberships_contains_paid_content":false,"footnotes":""},"categories":[2],"tags":[],"class_list":["post-55388","post","type-post","status-publish","format-standard","has-post-thumbnail","hentry","category-estado"],"jetpack_featured_media_url":"https:\/\/encuentroinformativo.com.mx\/wp-content\/uploads\/2024\/06\/IMG-20240606-WA0046.jpg","jetpack_sharing_enabled":true,"jetpack_likes_enabled":true,"amp_enabled":true,"_links":{"self":[{"href":"https:\/\/encuentroinformativo.com.mx\/index.php?rest_route=\/wp\/v2\/posts\/55388","targetHints":{"allow":["GET"]}}],"collection":[{"href":"https:\/\/encuentroinformativo.com.mx\/index.php?rest_route=\/wp\/v2\/posts"}],"about":[{"href":"https:\/\/encuentroinformativo.com.mx\/index.php?rest_route=\/wp\/v2\/types\/post"}],"author":[{"embeddable":true,"href":"https:\/\/encuentroinformativo.com.mx\/index.php?rest_route=\/wp\/v2\/users\/2476"}],"replies":[{"embeddable":true,"href":"https:\/\/encuentroinformativo.com.mx\/index.php?rest_route=%2Fwp%2Fv2%2Fcomments&post=55388"}],"version-history":[{"count":1,"href":"https:\/\/encuentroinformativo.com.mx\/index.php?rest_route=\/wp\/v2\/posts\/55388\/revisions"}],"predecessor-version":[{"id":55390,"href":"https:\/\/encuentroinformativo.com.mx\/index.php?rest_route=\/wp\/v2\/posts\/55388\/revisions\/55390"}],"wp:featuredmedia":[{"embeddable":true,"href":"https:\/\/encuentroinformativo.com.mx\/index.php?rest_route=\/wp\/v2\/media\/55389"}],"wp:attachment":[{"href":"https:\/\/encuentroinformativo.com.mx\/index.php?rest_route=%2Fwp%2Fv2%2Fmedia&parent=55388"}],"wp:term":[{"taxonomy":"category","embeddable":true,"href":"https:\/\/encuentroinformativo.com.mx\/index.php?rest_route=%2Fwp%2Fv2%2Fcategories&post=55388"},{"taxonomy":"post_tag","embeddable":true,"href":"https:\/\/encuentroinformativo.com.mx\/index.php?rest_route=%2Fwp%2Fv2%2Ftags&post=55388"}],"curies":[{"name":"wp","href":"https:\/\/api.w.org\/{rel}","templated":true}]}}