{"id":55397,"date":"2024-06-06T16:13:19","date_gmt":"2024-06-06T22:13:19","guid":{"rendered":"https:\/\/encuentroinformativo.com.mx\/?p=55397"},"modified":"2024-06-06T16:13:26","modified_gmt":"2024-06-06T22:13:26","slug":"pobladores-piden-ayuda-para-sofocar-incendios-de-tlacolulan","status":"publish","type":"post","link":"https:\/\/encuentroinformativo.com.mx\/?p=55397","title":{"rendered":"Pobladores piden ayuda para sofocar incendios de Tlacolulan"},"content":{"rendered":"\n<p><strong>Juan Arcos <\/strong><\/p>\n\n\n\n<p>Xalapa, Ver.- Pobladores denunciaron el mi\u00e9rcoles que el incendio forestal en el municipio de Tlacolulan no hab\u00eda sido atendido por las fuerzas de tarea de los tres niveles de gobierno, pese a la cercan\u00eda con las viviendas de la localidad Xoxocotla.<\/p>\n\n\n\n<p>Los pobladores estaban alarmados porque hab\u00edan hecho los reportes a los cuerpos de emergencia sin obtener una respuesta favorable.<\/p>\n\n\n\n<p>El siniestro inici\u00f3 en la zona boscosa conocida como Blanca Espuma pero se extendi\u00f3 hasta la localidad Xoxocotla, donde se encuentran las familias.<\/p>\n\n\n\n<p>La profesora de preescolar, Karina Mar\u00eda Ortiz Hern\u00e1ndez, detall\u00f3 que el martes 4 de junio arrib\u00f3 personal de la Secretar\u00eda de Bienestar pero nada pudo hacer porque la zona afectada es de dif\u00edcil acceso.<\/p>\n\n\n\n<p>\u201cBajaron, bueno, intentaron bajar unas personas del Bienestar, pero pues solamente fueron a observar nada m\u00e1s. Y en la noche, pues s\u00ed, muchos padres estaban muy asustados porque como que quiso aumentar otra vez en donde se supuestamente inici\u00f3. Pero, pues s\u00ed, empez\u00f3 a bajar y a bajar. Pero por lo mismo del viento, que se sienten r\u00e1fagas as\u00ed de aire, pues alza otra vez el incendio. Pero s\u00ed, la verdad ahorita s\u00ed lo est\u00e1n manteniendo ah\u00ed por el laguito\u201d, a\u00f1adi\u00f3.<\/p>\n\n\n\n<p>El fuego alcanz\u00f3 la zona del r\u00edo de la comunidad de Xoxocotla, donde se observa casi seco durante esta temporada de estiaje.<\/p>\n\n\n\n<p>La entrevistada detall\u00f3 que los padres de familia del jard\u00edn de ni\u00f1os han llevado a cabo acciones para evitar que el fuego avance, pero el viento hace que se reavive.<\/p>\n\n\n\n<p>\u201cEl incendio lleg\u00f3 hasta la comunidad de Xoxocotla. Se mantuvo un buen rato en la zona donde se encuentra el r\u00edo. Pero, pues el r\u00edo tiene muy baja, muy baja el agua. Entonces, pues trataban ah\u00ed de sacar el agua que se pod\u00eda para que ya no siguiera avanzando. Pero se mantuvo ah\u00ed, como se puede decir, en un laguito. Ah\u00ed se mantuvo y ah\u00ed est\u00e1n los padres de familia cuidando que no siga aumentando\u201d, indic\u00f3.<\/p>\n\n\n\n<p>La gente a\u00fan solicita la intervenci\u00f3n de las autoridades para liquidar el incendio forestal que se mantiene cerca de las familias y podr\u00eda representar un riesgo.<\/p>\n\n\n\n<p>&#8220;Ya est\u00e1 un poco controlado, est\u00e1n bajando personas, ahorita en el video que envi\u00e9 est\u00e1n los padres de familia, pues tratando de evitar a que llegue a algunas casas que est\u00e1n ah\u00ed cercanas, a lo lejitos todav\u00eda se ve un poco el fuego, pero ya va poco a poco y ya est\u00e1 un poquito controlado\u201d, enfatiz\u00f3.<\/p>\n\n\n\n<p>La Comisi\u00f3n Nacional Forestal (Conafor) report\u00f3 que hay dos incendios forestales en Tlacolulan.<\/p>\n\n\n\n<p>Uno se localiza en el predio Pe\u00f1a Negra, donde se reporta 30 por ciento de control y 10 por ciento de liquidaci\u00f3n, con una superficie preliminar de afectada 180 hect\u00e1reas.<\/p>\n\n\n\n<p>El otro se ubic\u00f3 en el predio Cerro de Blanca Espuma, con un control de 30 por ciento, 10 por ciento de liquidaci\u00f3n y una superficie preliminar afectada de 180 hect\u00e1reas.<\/p>\n","protected":false},"excerpt":{"rendered":"<p>Juan Arcos Xalapa, Ver.- Pobladores denunciaron el mi\u00e9rcoles que el incendio forestal en el municipio de Tlacolulan no hab\u00eda sido atendido por las fuerzas de tarea de los tres niveles de gobierno, pese a la cercan\u00eda con las viviendas de la localidad Xoxocotla. Los pobladores estaban alarmados porque hab\u00edan hecho los reportes a los cuerpos [&hellip;]<\/p>\n","protected":false},"author":2476,"featured_media":55398,"comment_status":"open","ping_status":"open","sticky":false,"template":"","format":"standard","meta":{"_jetpack_memberships_contains_paid_content":false,"footnotes":""},"categories":[2],"tags":[],"class_list":["post-55397","post","type-post","status-publish","format-standard","has-post-thumbnail","hentry","category-estado"],"jetpack_featured_media_url":"https:\/\/encuentroinformativo.com.mx\/wp-content\/uploads\/2024\/06\/IMG_8611.jpg","jetpack_sharing_enabled":true,"jetpack_likes_enabled":true,"amp_enabled":true,"_links":{"self":[{"href":"https:\/\/encuentroinformativo.com.mx\/index.php?rest_route=\/wp\/v2\/posts\/55397","targetHints":{"allow":["GET"]}}],"collection":[{"href":"https:\/\/encuentroinformativo.com.mx\/index.php?rest_route=\/wp\/v2\/posts"}],"about":[{"href":"https:\/\/encuentroinformativo.com.mx\/index.php?rest_route=\/wp\/v2\/types\/post"}],"author":[{"embeddable":true,"href":"https:\/\/encuentroinformativo.com.mx\/index.php?rest_route=\/wp\/v2\/users\/2476"}],"replies":[{"embeddable":true,"href":"https:\/\/encuentroinformativo.com.mx\/index.php?rest_route=%2Fwp%2Fv2%2Fcomments&post=55397"}],"version-history":[{"count":1,"href":"https:\/\/encuentroinformativo.com.mx\/index.php?rest_route=\/wp\/v2\/posts\/55397\/revisions"}],"predecessor-version":[{"id":55399,"href":"https:\/\/encuentroinformativo.com.mx\/index.php?rest_route=\/wp\/v2\/posts\/55397\/revisions\/55399"}],"wp:featuredmedia":[{"embeddable":true,"href":"https:\/\/encuentroinformativo.com.mx\/index.php?rest_route=\/wp\/v2\/media\/55398"}],"wp:attachment":[{"href":"https:\/\/encuentroinformativo.com.mx\/index.php?rest_route=%2Fwp%2Fv2%2Fmedia&parent=55397"}],"wp:term":[{"taxonomy":"category","embeddable":true,"href":"https:\/\/encuentroinformativo.com.mx\/index.php?rest_route=%2Fwp%2Fv2%2Fcategories&post=55397"},{"taxonomy":"post_tag","embeddable":true,"href":"https:\/\/encuentroinformativo.com.mx\/index.php?rest_route=%2Fwp%2Fv2%2Ftags&post=55397"}],"curies":[{"name":"wp","href":"https:\/\/api.w.org\/{rel}","templated":true}]}}