{"id":55420,"date":"2024-06-07T13:47:32","date_gmt":"2024-06-07T19:47:32","guid":{"rendered":"https:\/\/encuentroinformativo.com.mx\/?p=55420"},"modified":"2024-06-07T13:47:40","modified_gmt":"2024-06-07T19:47:40","slug":"un-fallecido-tras-choque-de-trailers-en-naranjos","status":"publish","type":"post","link":"https:\/\/encuentroinformativo.com.mx\/?p=55420","title":{"rendered":"Un fallecido tras choque de tr\u00e1ilers en Naranjos"},"content":{"rendered":"\n<p><strong>Alejandro \u00c1vila<\/strong><\/p>\n\n\n\n<p>Naranjos, Ver.- La ma\u00f1ana de este viernes se suscit\u00f3 un mortal accidente en la autopista Tuxpan &#8211; Tampico a la altura del municipio de Naranjos, donde el chofer de un transporte de carga result\u00f3 fallecido tras el impacto.<\/p>\n\n\n\n<p>Los hechos ocurrieron a las 6:30 de la ma\u00f1ana, un par de kil\u00f3metros antes de la caseta de cobro del municipio de Naranjos; seg\u00fan testigos un tr\u00e1iler tipo plataforma que transportaba rollos de acero, se estrell\u00f3 de frente con un tractocami\u00f3n tipo caja cerrada que transportaba c\u00edtricos, como resultado ambas unidades quedaron destrozadas y uno de los operadores falleci\u00f3.<\/p>\n\n\n\n<p>Es de mencionar que uno de los tractocamiones se incendi\u00f3 y el fuego alcanz\u00f3 un pastizal que ocasion\u00f3 que hubiera poca visibilidad en ese tramo de carretera.<\/p>\n\n\n\n<p>Elementos de la Guardia Nacional Divisi\u00f3n Carreteras tomaron conocimiento de lo sucedido y abanderaron la zona para evitar que se registrara otro percance a consecuencia del mismo.<\/p>\n\n\n\n<p>Polic\u00edas Ministeriales y Peritos Criminalistas del municipio de Naranjos, se trasladaron a la zona del accidente para realizar el levantamiento del cuerpo y su traslado al SEMEFO.<\/p>\n","protected":false},"excerpt":{"rendered":"<p>Alejandro \u00c1vila Naranjos, Ver.- La ma\u00f1ana de este viernes se suscit\u00f3 un mortal accidente en la autopista Tuxpan &#8211; Tampico a la altura del municipio de Naranjos, donde el chofer de un transporte de carga result\u00f3 fallecido tras el impacto. Los hechos ocurrieron a las 6:30 de la ma\u00f1ana, un par de kil\u00f3metros antes de [&hellip;]<\/p>\n","protected":false},"author":2476,"featured_media":55421,"comment_status":"open","ping_status":"open","sticky":false,"template":"","format":"standard","meta":{"_jetpack_memberships_contains_paid_content":false,"footnotes":""},"categories":[2],"tags":[],"class_list":["post-55420","post","type-post","status-publish","format-standard","has-post-thumbnail","hentry","category-estado"],"jetpack_featured_media_url":"https:\/\/encuentroinformativo.com.mx\/wp-content\/uploads\/2024\/06\/IMG-20240607-WA0067.jpg","jetpack_sharing_enabled":true,"jetpack_likes_enabled":true,"amp_enabled":true,"_links":{"self":[{"href":"https:\/\/encuentroinformativo.com.mx\/index.php?rest_route=\/wp\/v2\/posts\/55420","targetHints":{"allow":["GET"]}}],"collection":[{"href":"https:\/\/encuentroinformativo.com.mx\/index.php?rest_route=\/wp\/v2\/posts"}],"about":[{"href":"https:\/\/encuentroinformativo.com.mx\/index.php?rest_route=\/wp\/v2\/types\/post"}],"author":[{"embeddable":true,"href":"https:\/\/encuentroinformativo.com.mx\/index.php?rest_route=\/wp\/v2\/users\/2476"}],"replies":[{"embeddable":true,"href":"https:\/\/encuentroinformativo.com.mx\/index.php?rest_route=%2Fwp%2Fv2%2Fcomments&post=55420"}],"version-history":[{"count":1,"href":"https:\/\/encuentroinformativo.com.mx\/index.php?rest_route=\/wp\/v2\/posts\/55420\/revisions"}],"predecessor-version":[{"id":55422,"href":"https:\/\/encuentroinformativo.com.mx\/index.php?rest_route=\/wp\/v2\/posts\/55420\/revisions\/55422"}],"wp:featuredmedia":[{"embeddable":true,"href":"https:\/\/encuentroinformativo.com.mx\/index.php?rest_route=\/wp\/v2\/media\/55421"}],"wp:attachment":[{"href":"https:\/\/encuentroinformativo.com.mx\/index.php?rest_route=%2Fwp%2Fv2%2Fmedia&parent=55420"}],"wp:term":[{"taxonomy":"category","embeddable":true,"href":"https:\/\/encuentroinformativo.com.mx\/index.php?rest_route=%2Fwp%2Fv2%2Fcategories&post=55420"},{"taxonomy":"post_tag","embeddable":true,"href":"https:\/\/encuentroinformativo.com.mx\/index.php?rest_route=%2Fwp%2Fv2%2Ftags&post=55420"}],"curies":[{"name":"wp","href":"https:\/\/api.w.org\/{rel}","templated":true}]}}