{"id":55430,"date":"2024-06-07T18:06:56","date_gmt":"2024-06-08T00:06:56","guid":{"rendered":"https:\/\/encuentroinformativo.com.mx\/?p=55430"},"modified":"2024-06-07T18:07:04","modified_gmt":"2024-06-08T00:07:04","slug":"conmemoro-transito-del-estado-dia-mundial-de-la-bicicleta-con-rodada-en-xalapa","status":"publish","type":"post","link":"https:\/\/encuentroinformativo.com.mx\/?p=55430","title":{"rendered":"Conmemor\u00f3 Tr\u00e1nsito del Estado D\u00eda Mundial de la Bicicleta con rodada en Xalapa"},"content":{"rendered":"\n<p><strong>*Participaron mas de 400 ciclistas.<\/strong><\/p>\n\n\n\n<p>Xalapa, Ver.- La Secretar\u00eda de Seguridad P\u00fablica (SSP), a trav\u00e9s de la Direcci\u00f3n General de Tr\u00e1nsito y Seguridad Vial (DGTSV) celebr\u00f3 el D\u00eda Mundial de la Bicicleta, establecido por la ONU, con una rodada en la cual participaron m\u00e1s de 400 ciclistas que recorrieron varias calles de la ciudad capital.<\/p>\n\n\n\n<p>Este evento se realiz\u00f3 en coordinaci\u00f3n con diversos colectivos ciclistas y tuvo como objetivo concientizar a la ciudadan\u00eda sobre el uso y respeto de la bicicleta en la v\u00eda p\u00fablica.<\/p>\n\n\n\n<p>El grupo Sensatos Ciclismo Urbano destac\u00f3 su compromiso con la promoci\u00f3n del uso de este medio de transporte.<\/p>\n\n\n\n<p>Adem\u00e1s, se cont\u00f3 con la participaci\u00f3n de autoridades municipales y la Coordinaci\u00f3n Estatal para la Prevenci\u00f3n de Accidentes (COEPRA), quienes apoyaron y garantizaron junto con la DGTSV la seguridad durante todo el recorrido.<\/p>\n\n\n\n<p>Durante el trayecto, los participantes difundieron mensajes sobre la importancia de la movilidad sostenible y el respeto hacia los ciclistas en la v\u00eda p\u00fablica.<\/p>\n\n\n\n<p>La Secretar\u00eda de Seguridad P\u00fablica a trav\u00e9s Direcci\u00f3n General de Tr\u00e1nsito y Seguridad Vial reafirma su compromiso con la promoci\u00f3n de pr\u00e1cticas de movilidad segura y sostenible, trabajando en conjunto con colectivos y autoridades para crear una cultura vial respetuosa y consciente.<\/p>\n","protected":false},"excerpt":{"rendered":"<p>*Participaron mas de 400 ciclistas. Xalapa, Ver.- La Secretar\u00eda de Seguridad P\u00fablica (SSP), a trav\u00e9s de la Direcci\u00f3n General de Tr\u00e1nsito y Seguridad Vial (DGTSV) celebr\u00f3 el D\u00eda Mundial de la Bicicleta, establecido por la ONU, con una rodada en la cual participaron m\u00e1s de 400 ciclistas que recorrieron varias calles de la ciudad capital. [&hellip;]<\/p>\n","protected":false},"author":2476,"featured_media":55431,"comment_status":"open","ping_status":"open","sticky":false,"template":"","format":"standard","meta":{"_jetpack_memberships_contains_paid_content":false,"footnotes":""},"categories":[3],"tags":[],"class_list":["post-55430","post","type-post","status-publish","format-standard","has-post-thumbnail","hentry","category-xalapa"],"jetpack_featured_media_url":"https:\/\/encuentroinformativo.com.mx\/wp-content\/uploads\/2024\/06\/IMG-20240607-WA00372.jpg","jetpack_sharing_enabled":true,"jetpack_likes_enabled":true,"amp_enabled":true,"_links":{"self":[{"href":"https:\/\/encuentroinformativo.com.mx\/index.php?rest_route=\/wp\/v2\/posts\/55430","targetHints":{"allow":["GET"]}}],"collection":[{"href":"https:\/\/encuentroinformativo.com.mx\/index.php?rest_route=\/wp\/v2\/posts"}],"about":[{"href":"https:\/\/encuentroinformativo.com.mx\/index.php?rest_route=\/wp\/v2\/types\/post"}],"author":[{"embeddable":true,"href":"https:\/\/encuentroinformativo.com.mx\/index.php?rest_route=\/wp\/v2\/users\/2476"}],"replies":[{"embeddable":true,"href":"https:\/\/encuentroinformativo.com.mx\/index.php?rest_route=%2Fwp%2Fv2%2Fcomments&post=55430"}],"version-history":[{"count":1,"href":"https:\/\/encuentroinformativo.com.mx\/index.php?rest_route=\/wp\/v2\/posts\/55430\/revisions"}],"predecessor-version":[{"id":55432,"href":"https:\/\/encuentroinformativo.com.mx\/index.php?rest_route=\/wp\/v2\/posts\/55430\/revisions\/55432"}],"wp:featuredmedia":[{"embeddable":true,"href":"https:\/\/encuentroinformativo.com.mx\/index.php?rest_route=\/wp\/v2\/media\/55431"}],"wp:attachment":[{"href":"https:\/\/encuentroinformativo.com.mx\/index.php?rest_route=%2Fwp%2Fv2%2Fmedia&parent=55430"}],"wp:term":[{"taxonomy":"category","embeddable":true,"href":"https:\/\/encuentroinformativo.com.mx\/index.php?rest_route=%2Fwp%2Fv2%2Fcategories&post=55430"},{"taxonomy":"post_tag","embeddable":true,"href":"https:\/\/encuentroinformativo.com.mx\/index.php?rest_route=%2Fwp%2Fv2%2Ftags&post=55430"}],"curies":[{"name":"wp","href":"https:\/\/api.w.org\/{rel}","templated":true}]}}