{"id":55439,"date":"2024-06-08T11:53:56","date_gmt":"2024-06-08T17:53:56","guid":{"rendered":"https:\/\/encuentroinformativo.com.mx\/?p=55439"},"modified":"2024-06-08T11:54:03","modified_gmt":"2024-06-08T17:54:03","slug":"anuncia-justino-guillen-regreso-de-policia-municipal-de-san-juan-evangelista","status":"publish","type":"post","link":"https:\/\/encuentroinformativo.com.mx\/?p=55439","title":{"rendered":"Anuncia Justino Guill\u00e9n regreso de Polic\u00eda Municipal de San Juan Evangelista"},"content":{"rendered":"\n<p><strong>Alejandro \u00c1vila<\/strong><\/p>\n\n\n\n<p>San Juan Evangelista, Ver.- El alcalde de San Juan Evangelista, Justino Guill\u00e9n Lagunes, inform\u00f3 que despu\u00e9s de varios meses de gestiones en diversas instancias, por fin se encuentra de vuelta la Polic\u00eda Municipal, misma que ya est\u00e1 en operaciones.<\/p>\n\n\n\n<p>El presidente municipal expres\u00f3 su benepl\u00e1cito despu\u00e9s de que el Gobierno del Estado autoriz\u00f3 de nuevo el regreso de las armas para los elementos de la municipal, misma que seguir\u00e1 rigi\u00e9ndose bajo los lineamientos de efectividad y honestidad.<\/p>\n\n\n\n<p>Los elementos de la municipal -reiter\u00f3- son altamente capacitados en trabajos de lucha contra la delincuencia, as\u00ed como para hacer labor social de proximidad con el ciudadano.<\/p>\n\n\n\n<p>Los pobladores de San Juan tienen garantizado que los uniformados trabajar\u00e1n tal y como lo hac\u00edan en la pasada administraci\u00f3n de Andr\u00e9s Valencia R\u00edos, sin extorsiones ni mucho menos abusar de las personas.<\/p>\n\n\n\n<p>Los municipales de San Juan cuentan con toda la capacidad y disposici\u00f3n para mantener en paz al municipio, y se espera que en breve San Juan Evangelista sea de nuevo territorio sin robo de ganado y de tranquilidad.<\/p>\n\n\n\n<p>&#8220;Vamos por la l\u00ednea de que la municipal cuente con el reconocimiento de la poblaci\u00f3n como de las autoridades, pues esta corporaci\u00f3n se distingui\u00f3 por su efectividad en las Mesas de la Construcci\u00f3n de la Paz durante la pasada administraci\u00f3n&#8221;, dijo.<\/p>\n\n\n\n<p>El edil manifest\u00f3 que con esto se cumple una de las mayores demandas de habitantes de San Juan Evangelista, que llevan largo tiempo solicitando el regreso de los oficiales de la municipal, ya que inspiran confianza y demostraron dar resultados.<\/p>\n\n\n\n<p>Se invita a los pobladores de este municipio a denunciar cualquier delito en la comandancia, pero sobre todo a levantar la queja correspondiente, ya que los polic\u00edas tienen prohibido pedir para el refresco.<\/p>\n","protected":false},"excerpt":{"rendered":"<p>Alejandro \u00c1vila San Juan Evangelista, Ver.- El alcalde de San Juan Evangelista, Justino Guill\u00e9n Lagunes, inform\u00f3 que despu\u00e9s de varios meses de gestiones en diversas instancias, por fin se encuentra de vuelta la Polic\u00eda Municipal, misma que ya est\u00e1 en operaciones. El presidente municipal expres\u00f3 su benepl\u00e1cito despu\u00e9s de que el Gobierno del Estado autoriz\u00f3 [&hellip;]<\/p>\n","protected":false},"author":2476,"featured_media":49680,"comment_status":"open","ping_status":"open","sticky":false,"template":"","format":"standard","meta":{"_jetpack_memberships_contains_paid_content":false,"footnotes":""},"categories":[2],"tags":[],"class_list":["post-55439","post","type-post","status-publish","format-standard","has-post-thumbnail","hentry","category-estado"],"jetpack_featured_media_url":"https:\/\/encuentroinformativo.com.mx\/wp-content\/uploads\/2024\/01\/a706e94d-9982-4055-b1bf-30e04c9b1855.jpg","jetpack_sharing_enabled":true,"jetpack_likes_enabled":true,"amp_enabled":true,"_links":{"self":[{"href":"https:\/\/encuentroinformativo.com.mx\/index.php?rest_route=\/wp\/v2\/posts\/55439","targetHints":{"allow":["GET"]}}],"collection":[{"href":"https:\/\/encuentroinformativo.com.mx\/index.php?rest_route=\/wp\/v2\/posts"}],"about":[{"href":"https:\/\/encuentroinformativo.com.mx\/index.php?rest_route=\/wp\/v2\/types\/post"}],"author":[{"embeddable":true,"href":"https:\/\/encuentroinformativo.com.mx\/index.php?rest_route=\/wp\/v2\/users\/2476"}],"replies":[{"embeddable":true,"href":"https:\/\/encuentroinformativo.com.mx\/index.php?rest_route=%2Fwp%2Fv2%2Fcomments&post=55439"}],"version-history":[{"count":1,"href":"https:\/\/encuentroinformativo.com.mx\/index.php?rest_route=\/wp\/v2\/posts\/55439\/revisions"}],"predecessor-version":[{"id":55440,"href":"https:\/\/encuentroinformativo.com.mx\/index.php?rest_route=\/wp\/v2\/posts\/55439\/revisions\/55440"}],"wp:featuredmedia":[{"embeddable":true,"href":"https:\/\/encuentroinformativo.com.mx\/index.php?rest_route=\/wp\/v2\/media\/49680"}],"wp:attachment":[{"href":"https:\/\/encuentroinformativo.com.mx\/index.php?rest_route=%2Fwp%2Fv2%2Fmedia&parent=55439"}],"wp:term":[{"taxonomy":"category","embeddable":true,"href":"https:\/\/encuentroinformativo.com.mx\/index.php?rest_route=%2Fwp%2Fv2%2Fcategories&post=55439"},{"taxonomy":"post_tag","embeddable":true,"href":"https:\/\/encuentroinformativo.com.mx\/index.php?rest_route=%2Fwp%2Fv2%2Ftags&post=55439"}],"curies":[{"name":"wp","href":"https:\/\/api.w.org\/{rel}","templated":true}]}}