{"id":55450,"date":"2024-06-08T15:14:04","date_gmt":"2024-06-08T21:14:04","guid":{"rendered":"https:\/\/encuentroinformativo.com.mx\/?p=55450"},"modified":"2024-06-08T15:14:14","modified_gmt":"2024-06-08T21:14:14","slug":"con-feretro-protestan-frente-al-palacio-municipal-de-xico","status":"publish","type":"post","link":"https:\/\/encuentroinformativo.com.mx\/?p=55450","title":{"rendered":"Con f\u00e9retro, protestan frente al Palacio Municipal de Xico"},"content":{"rendered":"\n<p><strong>Dar\u00edo Pale <\/strong><\/p>\n\n\n\n<p>Xalapa, Ver.- Habitantes del municipio de Xico se manifestaron frente al palacio municipal, con el f\u00e9retro de la persona que supuestamente se suicido el d\u00eda de ayer al interior de la prisi\u00f3n preventiva, y era custodiado por la polic\u00eda municipal.<\/p>\n\n\n\n<p>Cuando era trasladado a su \u00faltima morada los familiares y amigos de la persona que supuestamente se suicido al interior de la prisi\u00f3n preventiva de Xico, expresaron su dolor ante la \u00a0impotencia ante la mala y sospechosa acci\u00f3n del cuerpo polic\u00edaco qu\u00e9 en lugar de dar la cara se resguardo en las instalaciones del ayuntamiento.<\/p>\n\n\n\n<p>Los elementos policiacos no dejaron las patrullas en la parte de afuera como siempre lo hacen, fue muy doloroso ver la angustia y el enojo de la familia del joven difunto quien era una persona de bien y trabajadora.\u00a0<\/p>\n\n\n\n<p>Esperan que las autoridades municipales deslinden responsabilidades y que las estatales tomen cartas directas en este asunto, ya que el accionar de la polic\u00eda estatal est\u00e1 en el ojo del hurac\u00e1n mientras se resuelve el caso.<\/p>\n\n\n\n<p>Finalmente seg\u00fan algunos comentarios se dice que el cuerpo del difunto presentaba signos evidentes de violencia f\u00edsica lo que hace dudar de la versi\u00f3n oficial, por lo que esperan \u00a0que en el transcurso de los d\u00edas se tenga presentado a alguno de los responsables de este penoso y grave deceso.<\/p>\n","protected":false},"excerpt":{"rendered":"<p>Dar\u00edo Pale Xalapa, Ver.- Habitantes del municipio de Xico se manifestaron frente al palacio municipal, con el f\u00e9retro de la persona que supuestamente se suicido el d\u00eda de ayer al interior de la prisi\u00f3n preventiva, y era custodiado por la polic\u00eda municipal. Cuando era trasladado a su \u00faltima morada los familiares y amigos de la [&hellip;]<\/p>\n","protected":false},"author":2476,"featured_media":55451,"comment_status":"open","ping_status":"open","sticky":false,"template":"","format":"standard","meta":{"_jetpack_memberships_contains_paid_content":false,"footnotes":""},"categories":[8],"tags":[],"class_list":["post-55450","post","type-post","status-publish","format-standard","has-post-thumbnail","hentry","category-region"],"jetpack_featured_media_url":"https:\/\/encuentroinformativo.com.mx\/wp-content\/uploads\/2024\/06\/IMG-20240608-WA0038.jpg","jetpack_sharing_enabled":true,"jetpack_likes_enabled":true,"amp_enabled":true,"_links":{"self":[{"href":"https:\/\/encuentroinformativo.com.mx\/index.php?rest_route=\/wp\/v2\/posts\/55450","targetHints":{"allow":["GET"]}}],"collection":[{"href":"https:\/\/encuentroinformativo.com.mx\/index.php?rest_route=\/wp\/v2\/posts"}],"about":[{"href":"https:\/\/encuentroinformativo.com.mx\/index.php?rest_route=\/wp\/v2\/types\/post"}],"author":[{"embeddable":true,"href":"https:\/\/encuentroinformativo.com.mx\/index.php?rest_route=\/wp\/v2\/users\/2476"}],"replies":[{"embeddable":true,"href":"https:\/\/encuentroinformativo.com.mx\/index.php?rest_route=%2Fwp%2Fv2%2Fcomments&post=55450"}],"version-history":[{"count":1,"href":"https:\/\/encuentroinformativo.com.mx\/index.php?rest_route=\/wp\/v2\/posts\/55450\/revisions"}],"predecessor-version":[{"id":55452,"href":"https:\/\/encuentroinformativo.com.mx\/index.php?rest_route=\/wp\/v2\/posts\/55450\/revisions\/55452"}],"wp:featuredmedia":[{"embeddable":true,"href":"https:\/\/encuentroinformativo.com.mx\/index.php?rest_route=\/wp\/v2\/media\/55451"}],"wp:attachment":[{"href":"https:\/\/encuentroinformativo.com.mx\/index.php?rest_route=%2Fwp%2Fv2%2Fmedia&parent=55450"}],"wp:term":[{"taxonomy":"category","embeddable":true,"href":"https:\/\/encuentroinformativo.com.mx\/index.php?rest_route=%2Fwp%2Fv2%2Fcategories&post=55450"},{"taxonomy":"post_tag","embeddable":true,"href":"https:\/\/encuentroinformativo.com.mx\/index.php?rest_route=%2Fwp%2Fv2%2Ftags&post=55450"}],"curies":[{"name":"wp","href":"https:\/\/api.w.org\/{rel}","templated":true}]}}