{"id":55474,"date":"2024-06-09T14:26:08","date_gmt":"2024-06-09T20:26:08","guid":{"rendered":"https:\/\/encuentroinformativo.com.mx\/?p=55474"},"modified":"2024-06-09T14:26:13","modified_gmt":"2024-06-09T20:26:13","slug":"en-boca-del-rio-abre-sus-puertas-ara-taxes-business","status":"publish","type":"post","link":"https:\/\/encuentroinformativo.com.mx\/?p=55474","title":{"rendered":"En Boca del R\u00edo, Abre sus puertas \u201cARA, Taxes &#038; Business\u201d"},"content":{"rendered":"\n<p><strong>Elisa Aburto<\/strong><\/p>\n\n\n\n<p>Boca del R\u00edo, Ver.-&nbsp;<strong>\u201cARA, Taxes &amp; Business\u201d<\/strong>es el nuevo Corporativo empresarial que abri\u00f3 sus puertas para atender a sus clientes en la zona conurbada Veracruz &#8211; Boca del R\u00edo y alrededores.<\/p>\n\n\n\n<p>En una emotiva ceremonia de inauguraci\u00f3n acompa\u00f1ada de familiares y amigos, la Contadora Guillermina Fern\u00e1ndez Arroyo agradeci\u00f3 la asistencia de todos los presentes al tiempo que destac\u00f3 la relevancia de las mujeres en el \u00e1mbito empresarial y de negocios, por lo que destac\u00f3 que ser\u00e1 la Contadora Mar\u00eda Fernanda L\u00f3pez Fern\u00e1ndez quien estar\u00e1 al frente del despacho contable.&nbsp;<\/p>\n\n\n\n<p>\u201cA m\u00e1s de 20 a\u00f1os de servicio profesional en Ciudad Cardel y gracias a la confianza de todos ustedes, hace unos a\u00f1os mi hija y yo empezamos a crear este proyecto y convencernos de iniciarlo las cosas no han sido f\u00e1ciles ha sido un arduo caminar pero somos mujeres con tacones altos, nuestras armas son la determinaci\u00f3n, preparaci\u00f3n y el trabajo reconociendo que el verdadero enemigo es la pereza y la falta de acci\u00f3n\u201d.<\/p>\n\n\n\n<p>Marifer, Rodolfo, Karla y F\u00e9lix, estamos iniciando este nuevo proyectos ahora nace \u201cARA, Taxes &amp; Business\u201d, a la memoria tambi\u00e9n de una mujer que dej\u00f3 un gran legado en mi vida, enfatiz\u00f3.&nbsp;<\/p>\n\n\n\n<p>Al hacer uso de la voz Jos\u00e9 Gilberto L\u00f3pez Castro, hizo una semblanza sobre los inicios y la evoluci\u00f3n de la empresa que actualmente se conoce como FERA Contadores y Asociados que cuenta con una amplia cobertura en la zona de Ciudad Cardel y que hoy ampl\u00eda su cobertura en el estado a trav\u00e9s de \u201cARA, Taxes &amp; Business\u201d ubicada en el fraccionamiento H\u00edpico de Boca del R\u00edo, Veracruz.&nbsp;<\/p>\n\n\n\n<p>La nueva sociedad est\u00e1 conformada por Guillermina Fern\u00e1ndez Arroyo, Jos\u00e9 Gilberto L\u00f3pez Castro, Mar\u00eda Fernanda L\u00f3pez Fern\u00e1ndez y Rodolfo Romero Fern\u00e1ndez.<\/p>\n\n\n\n<p>ARA, Taxes &amp; Business pone a su disposici\u00f3n los n\u00fameros telef\u00f3nicos 2961048916, 2299226207 y 2299239163, as\u00ed como la cuenta de Instagram:&nbsp;&nbsp;ara_taxes_business&nbsp;<\/p>\n\n\n\n<p>\u00a1Enhorabuena!<\/p>\n\n\n\n<div class=\"wp-block-jetpack-slideshow aligncenter\" data-effect=\"slide\"><div class=\"wp-block-jetpack-slideshow_container swiper-container\"><ul class=\"wp-block-jetpack-slideshow_swiper-wrapper swiper-wrapper\"><li class=\"wp-block-jetpack-slideshow_slide swiper-slide\"><figure><img loading=\"lazy\" decoding=\"async\" width=\"981\" height=\"768\" alt=\"\" class=\"wp-block-jetpack-slideshow_image wp-image-55471\" data-id=\"55471\" src=\"https:\/\/encuentroinformativo.com.mx\/wp-content\/uploads\/2024\/06\/thumb_DSCN4975_1024.jpg\" srcset=\"https:\/\/encuentroinformativo.com.mx\/wp-content\/uploads\/2024\/06\/thumb_DSCN4975_1024.jpg 981w, https:\/\/encuentroinformativo.com.mx\/wp-content\/uploads\/2024\/06\/thumb_DSCN4975_1024-300x235.jpg 300w, https:\/\/encuentroinformativo.com.mx\/wp-content\/uploads\/2024\/06\/thumb_DSCN4975_1024-768x601.jpg 768w\" sizes=\"(max-width: 981px) 100vw, 981px\" \/><\/figure><\/li><li class=\"wp-block-jetpack-slideshow_slide swiper-slide\"><figure><img loading=\"lazy\" decoding=\"async\" width=\"840\" height=\"665\" alt=\"\" class=\"wp-block-jetpack-slideshow_image wp-image-55464\" data-id=\"55464\" src=\"https:\/\/encuentroinformativo.com.mx\/wp-content\/uploads\/2024\/06\/thumb_DSCN4905_1024.jpg\" srcset=\"https:\/\/encuentroinformativo.com.mx\/wp-content\/uploads\/2024\/06\/thumb_DSCN4905_1024.jpg 840w, https:\/\/encuentroinformativo.com.mx\/wp-content\/uploads\/2024\/06\/thumb_DSCN4905_1024-300x238.jpg 300w, https:\/\/encuentroinformativo.com.mx\/wp-content\/uploads\/2024\/06\/thumb_DSCN4905_1024-768x608.jpg 768w\" sizes=\"(max-width: 840px) 100vw, 840px\" \/><\/figure><\/li><li class=\"wp-block-jetpack-slideshow_slide swiper-slide\"><figure><img loading=\"lazy\" decoding=\"async\" width=\"627\" height=\"594\" alt=\"\" class=\"wp-block-jetpack-slideshow_image wp-image-55470\" data-id=\"55470\" src=\"https:\/\/encuentroinformativo.com.mx\/wp-content\/uploads\/2024\/06\/thumb_DSCN4970_1024.jpg\" srcset=\"https:\/\/encuentroinformativo.com.mx\/wp-content\/uploads\/2024\/06\/thumb_DSCN4970_1024.jpg 627w, https:\/\/encuentroinformativo.com.mx\/wp-content\/uploads\/2024\/06\/thumb_DSCN4970_1024-300x284.jpg 300w\" sizes=\"(max-width: 627px) 100vw, 627px\" \/><\/figure><\/li><li class=\"wp-block-jetpack-slideshow_slide swiper-slide\"><figure><img loading=\"lazy\" decoding=\"async\" width=\"649\" height=\"675\" alt=\"\" class=\"wp-block-jetpack-slideshow_image wp-image-55469\" data-id=\"55469\" src=\"https:\/\/encuentroinformativo.com.mx\/wp-content\/uploads\/2024\/06\/thumb_DSCN4965_1024.jpg\" srcset=\"https:\/\/encuentroinformativo.com.mx\/wp-content\/uploads\/2024\/06\/thumb_DSCN4965_1024.jpg 649w, https:\/\/encuentroinformativo.com.mx\/wp-content\/uploads\/2024\/06\/thumb_DSCN4965_1024-288x300.jpg 288w\" sizes=\"(max-width: 649px) 100vw, 649px\" \/><\/figure><\/li><li class=\"wp-block-jetpack-slideshow_slide swiper-slide\"><figure><img loading=\"lazy\" decoding=\"async\" width=\"966\" height=\"549\" alt=\"\" class=\"wp-block-jetpack-slideshow_image wp-image-55468\" data-id=\"55468\" src=\"https:\/\/encuentroinformativo.com.mx\/wp-content\/uploads\/2024\/06\/thumb_DSCN4958_1024.jpg\" srcset=\"https:\/\/encuentroinformativo.com.mx\/wp-content\/uploads\/2024\/06\/thumb_DSCN4958_1024.jpg 966w, https:\/\/encuentroinformativo.com.mx\/wp-content\/uploads\/2024\/06\/thumb_DSCN4958_1024-300x170.jpg 300w, https:\/\/encuentroinformativo.com.mx\/wp-content\/uploads\/2024\/06\/thumb_DSCN4958_1024-768x436.jpg 768w\" sizes=\"(max-width: 966px) 100vw, 966px\" \/><\/figure><\/li><li class=\"wp-block-jetpack-slideshow_slide swiper-slide\"><figure><img loading=\"lazy\" decoding=\"async\" width=\"960\" height=\"768\" alt=\"\" class=\"wp-block-jetpack-slideshow_image wp-image-55467\" data-id=\"55467\" src=\"https:\/\/encuentroinformativo.com.mx\/wp-content\/uploads\/2024\/06\/thumb_DSCN4950_1024.jpg\" srcset=\"https:\/\/encuentroinformativo.com.mx\/wp-content\/uploads\/2024\/06\/thumb_DSCN4950_1024.jpg 960w, https:\/\/encuentroinformativo.com.mx\/wp-content\/uploads\/2024\/06\/thumb_DSCN4950_1024-300x240.jpg 300w, https:\/\/encuentroinformativo.com.mx\/wp-content\/uploads\/2024\/06\/thumb_DSCN4950_1024-768x614.jpg 768w\" sizes=\"(max-width: 960px) 100vw, 960px\" \/><\/figure><\/li><li class=\"wp-block-jetpack-slideshow_slide swiper-slide\"><figure><img loading=\"lazy\" decoding=\"async\" width=\"842\" height=\"712\" alt=\"\" class=\"wp-block-jetpack-slideshow_image wp-image-55466\" data-id=\"55466\" src=\"https:\/\/encuentroinformativo.com.mx\/wp-content\/uploads\/2024\/06\/thumb_DSCN4909_1024.jpg\" srcset=\"https:\/\/encuentroinformativo.com.mx\/wp-content\/uploads\/2024\/06\/thumb_DSCN4909_1024.jpg 842w, https:\/\/encuentroinformativo.com.mx\/wp-content\/uploads\/2024\/06\/thumb_DSCN4909_1024-300x254.jpg 300w, https:\/\/encuentroinformativo.com.mx\/wp-content\/uploads\/2024\/06\/thumb_DSCN4909_1024-768x649.jpg 768w\" sizes=\"(max-width: 842px) 100vw, 842px\" \/><\/figure><\/li><li class=\"wp-block-jetpack-slideshow_slide swiper-slide\"><figure><img loading=\"lazy\" decoding=\"async\" width=\"960\" height=\"768\" alt=\"\" class=\"wp-block-jetpack-slideshow_image wp-image-55465\" data-id=\"55465\" src=\"https:\/\/encuentroinformativo.com.mx\/wp-content\/uploads\/2024\/06\/thumb_DSCN4907_1024.jpg\" srcset=\"https:\/\/encuentroinformativo.com.mx\/wp-content\/uploads\/2024\/06\/thumb_DSCN4907_1024.jpg 960w, https:\/\/encuentroinformativo.com.mx\/wp-content\/uploads\/2024\/06\/thumb_DSCN4907_1024-300x240.jpg 300w, https:\/\/encuentroinformativo.com.mx\/wp-content\/uploads\/2024\/06\/thumb_DSCN4907_1024-768x614.jpg 768w\" sizes=\"(max-width: 960px) 100vw, 960px\" \/><\/figure><\/li><\/ul><a class=\"wp-block-jetpack-slideshow_button-prev swiper-button-prev swiper-button-white\" role=\"button\"><\/a><a class=\"wp-block-jetpack-slideshow_button-next swiper-button-next swiper-button-white\" role=\"button\"><\/a><a aria-label=\"Pause Slideshow\" class=\"wp-block-jetpack-slideshow_button-pause\" role=\"button\"><\/a><div class=\"wp-block-jetpack-slideshow_pagination swiper-pagination swiper-pagination-white\"><\/div><\/div><\/div>\n","protected":false},"excerpt":{"rendered":"<p>Elisa Aburto Boca del R\u00edo, Ver.-&nbsp;\u201cARA, Taxes &amp; Business\u201des el nuevo Corporativo empresarial que abri\u00f3 sus puertas para atender a sus clientes en la zona conurbada Veracruz &#8211; Boca del R\u00edo y alrededores. En una emotiva ceremonia de inauguraci\u00f3n acompa\u00f1ada de familiares y amigos, la Contadora Guillermina Fern\u00e1ndez Arroyo agradeci\u00f3 la asistencia de todos los [&hellip;]<\/p>\n","protected":false},"author":2476,"featured_media":55465,"comment_status":"open","ping_status":"open","sticky":false,"template":"","format":"standard","meta":{"_jetpack_memberships_contains_paid_content":false,"footnotes":""},"categories":[2],"tags":[],"class_list":["post-55474","post","type-post","status-publish","format-standard","has-post-thumbnail","hentry","category-estado"],"jetpack_featured_media_url":"https:\/\/encuentroinformativo.com.mx\/wp-content\/uploads\/2024\/06\/thumb_DSCN4907_1024.jpg","jetpack_sharing_enabled":true,"jetpack_likes_enabled":true,"amp_enabled":true,"_links":{"self":[{"href":"https:\/\/encuentroinformativo.com.mx\/index.php?rest_route=\/wp\/v2\/posts\/55474","targetHints":{"allow":["GET"]}}],"collection":[{"href":"https:\/\/encuentroinformativo.com.mx\/index.php?rest_route=\/wp\/v2\/posts"}],"about":[{"href":"https:\/\/encuentroinformativo.com.mx\/index.php?rest_route=\/wp\/v2\/types\/post"}],"author":[{"embeddable":true,"href":"https:\/\/encuentroinformativo.com.mx\/index.php?rest_route=\/wp\/v2\/users\/2476"}],"replies":[{"embeddable":true,"href":"https:\/\/encuentroinformativo.com.mx\/index.php?rest_route=%2Fwp%2Fv2%2Fcomments&post=55474"}],"version-history":[{"count":1,"href":"https:\/\/encuentroinformativo.com.mx\/index.php?rest_route=\/wp\/v2\/posts\/55474\/revisions"}],"predecessor-version":[{"id":55476,"href":"https:\/\/encuentroinformativo.com.mx\/index.php?rest_route=\/wp\/v2\/posts\/55474\/revisions\/55476"}],"wp:featuredmedia":[{"embeddable":true,"href":"https:\/\/encuentroinformativo.com.mx\/index.php?rest_route=\/wp\/v2\/media\/55465"}],"wp:attachment":[{"href":"https:\/\/encuentroinformativo.com.mx\/index.php?rest_route=%2Fwp%2Fv2%2Fmedia&parent=55474"}],"wp:term":[{"taxonomy":"category","embeddable":true,"href":"https:\/\/encuentroinformativo.com.mx\/index.php?rest_route=%2Fwp%2Fv2%2Fcategories&post=55474"},{"taxonomy":"post_tag","embeddable":true,"href":"https:\/\/encuentroinformativo.com.mx\/index.php?rest_route=%2Fwp%2Fv2%2Ftags&post=55474"}],"curies":[{"name":"wp","href":"https:\/\/api.w.org\/{rel}","templated":true}]}}